{"id":25183,"date":"2010-12-14T11:48:01","date_gmt":"2010-12-14T11:48:01","guid":{"rendered":"https:\/\/obscom.intervozes.org.br\/wordpress\/?p=25183"},"modified":"2010-12-14T11:48:01","modified_gmt":"2010-12-14T11:48:01","slug":"cinco-estados-registraram-mais-jornalistas-sem-diploma-que-com-graduacao-na-area","status":"publish","type":"post","link":"https:\/\/obscom.intervozes.org.br\/?p=25183","title":{"rendered":"Cinco estados registraram mais jornalistas sem diploma que com gradua\u00e7\u00e3o na \u00e1rea"},"content":{"rendered":"\n<p class=\"padrao\"><strong>Reproduzido do Comunique-se <\/strong><\/p>\n<p class=\"padrao\">&nbsp;<\/p>\n<p><span class=\"padrao\">Acre, Mato Grosso, Piau&iacute;, Roraima e Rond&ocirc;nia registraram mais jornalistas sem gradua&ccedil;&atilde;o na &aacute;rea do que profissionais diplomados. Neste ano de 2010, 35% do total de registros concedidos a jornalistas pelo Minist&eacute;rio do Trabalho e Emprego (MTE) foram conferidos para os profissionais n&atilde;o formados em Comunica&ccedil;&atilde;o Social.<\/p>\n<p>S&atilde;o Paulo &eacute; a unidade federal que possui o maior &iacute;ndice de registros gerais, com 1.534 diplomados e 1.349 sem forma&ccedil;&atilde;o espec&iacute;fica na &aacute;rea. No total do Pa&iacute;s, 5.068 pessoas foram registradas com a denomina&ccedil;&atilde;o Jornalista Profissional e 2.764 como Jornalista\/Decis&atilde;o STF.<\/p>\n<p>O primeiro registro &eacute; concedido para jornalistas diplomados, o segundo, aos que n&atilde;o possuem gradua&ccedil;&atilde;o em Jornalismo, mas atuam no setor. A medida foi adotada ap&oacute;s a decis&atilde;o do Supremo Tribunal Federal (STF) que, em junho de 2009, derrubou a exig&ecirc;ncia do diploma para atuar na profiss&atilde;o. (<em>Izabela Vasconcelos<\/em>)<\/span><\/p>\n","protected":false},"excerpt":{"rendered":"<p>Reproduzido do Comunique-se &nbsp; Acre, Mato Grosso, Piau&iacute;, Roraima e Rond&ocirc;nia registraram mais jornalistas sem gradua&ccedil;&atilde;o na &aacute;rea do que profissionais diplomados. Neste ano de 2010, 35% do total de registros concedidos a jornalistas pelo Minist&eacute;rio do Trabalho e Emprego (MTE) foram conferidos para os profissionais n&atilde;o formados em Comunica&ccedil;&atilde;o Social. S&atilde;o Paulo &eacute; a &hellip; <a href=\"https:\/\/obscom.intervozes.org.br\/?p=25183\" class=\"more-link\">Continue lendo <span class=\"screen-reader-text\">Cinco estados registraram mais jornalistas sem diploma que com gradua\u00e7\u00e3o na \u00e1rea<\/span> <span class=\"meta-nav\">&rarr;<\/span><\/a><\/p>\n","protected":false},"author":1,"featured_media":0,"comment_status":"open","ping_status":"open","sticky":false,"template":"","format":"standard","meta":{"footnotes":""},"categories":[39],"tags":[],"_links":{"self":[{"href":"https:\/\/obscom.intervozes.org.br\/index.php?rest_route=\/wp\/v2\/posts\/25183"}],"collection":[{"href":"https:\/\/obscom.intervozes.org.br\/index.php?rest_route=\/wp\/v2\/posts"}],"about":[{"href":"https:\/\/obscom.intervozes.org.br\/index.php?rest_route=\/wp\/v2\/types\/post"}],"author":[{"embeddable":true,"href":"https:\/\/obscom.intervozes.org.br\/index.php?rest_route=\/wp\/v2\/users\/1"}],"replies":[{"embeddable":true,"href":"https:\/\/obscom.intervozes.org.br\/index.php?rest_route=%2Fwp%2Fv2%2Fcomments&post=25183"}],"version-history":[{"count":0,"href":"https:\/\/obscom.intervozes.org.br\/index.php?rest_route=\/wp\/v2\/posts\/25183\/revisions"}],"wp:attachment":[{"href":"https:\/\/obscom.intervozes.org.br\/index.php?rest_route=%2Fwp%2Fv2%2Fmedia&parent=25183"}],"wp:term":[{"taxonomy":"category","embeddable":true,"href":"https:\/\/obscom.intervozes.org.br\/index.php?rest_route=%2Fwp%2Fv2%2Fcategories&post=25183"},{"taxonomy":"post_tag","embeddable":true,"href":"https:\/\/obscom.intervozes.org.br\/index.php?rest_route=%2Fwp%2Fv2%2Ftags&post=25183"}],"curies":[{"name":"wp","href":"https:\/\/api.w.org\/{rel}","templated":true}]}}