{"id":25182,"date":"2010-12-13T19:07:17","date_gmt":"2010-12-13T19:07:17","guid":{"rendered":"https:\/\/obscom.intervozes.org.br\/wordpress\/?p=25182"},"modified":"2010-12-13T19:07:17","modified_gmt":"2010-12-13T19:07:17","slug":"proposta-para-novo-marco-regulatorio-traz-medidas-democratizantes-mas-e-timida-e-generica","status":"publish","type":"post","link":"https:\/\/obscom.intervozes.org.br\/?p=25182","title":{"rendered":"Proposta para novo marco regulat\u00f3rio traz medidas democratizantes, mas \u00e9 t\u00edmida e gen\u00e9rica"},"content":{"rendered":"<p><span class=\"padrao\">O texto que o atual ministro chefe da Secretaria de Comunica&ccedil;&atilde;o Social, Franklin Martins, vai entregar para o novo governo como base para o novo marco regulat&oacute;rio nas comunica&ccedil;&otilde;es traz medidas de democratiza&ccedil;&atilde;o dos servi&ccedil;os, mas est&aacute; longe de justificar as rea&ccedil;&otilde;es veementes dos empres&aacute;rios. Da maneira como se encontra, o anteprojeto &eacute; t&iacute;mido em rela&ccedil;&atilde;o a pontos chave como medidas anticoncentra&ccedil;&atilde;o e regula&ccedil;&atilde;o de conte&uacute;do. O material que foi produzido at&eacute; agora d&aacute; as linhas gerais para a organiza&ccedil;&atilde;o do setor, mas n&atilde;o traz defini&ccedil;&otilde;es detalhadas sobre a maioria das quest&otilde;es abordadas, deixando-as para regulamenta&ccedil;&atilde;o infralegal e a&ccedil;&otilde;es administrativas. O <strong>Observat&oacute;rio do Direito &agrave; Comunica&ccedil;&atilde;o<\/strong> n&atilde;o teve acesso direto ao documento; essas informa&ccedil;&otilde;es foram obtidas de pessoas que tiveram contato com o texto preliminar.<\/p>\n<p>Embora se proponha a tratar a comunica&ccedil;&atilde;o sob a &oacute;tica da converg&ecirc;ncia, o que o texto faz na pr&aacute;tica &eacute; trazer a radiodifus&atilde;o para o novo contexto, sem aplicar uma perspectiva que supere a divis&atilde;o com as telecomunica&ccedil;&otilde;es. O texto n&atilde;o prop&otilde;e altera&ccedil;&otilde;es na Constitui&ccedil;&atilde;o nem mudan&ccedil;as significativas na Lei Geral de Telecomunica&ccedil;&otilde;es. Se mantido como est&aacute;, funcionar&aacute; como uma lei de transi&ccedil;&atilde;o, mas n&atilde;o como uma definitiva atualiza&ccedil;&atilde;o para o mundo digital.<\/p>\n<p><strong>Concentra&ccedil;&atilde;o e conte&uacute;do<\/strong><\/p>\n<p>O projeto n&atilde;o determina reserva de espectro para os setores p&uacute;blico, privado e estatal nem estabelece limites claros &agrave; propriedade cruzada. Mesmo em rela&ccedil;&atilde;o &agrave; concentra&ccedil;&atilde;o horizontal, o projeto tamb&eacute;m n&atilde;o traz limites num&eacute;ricos, deixando as defini&ccedil;&otilde;es para regulamenta&ccedil;&atilde;o infralegal. O que o texto prop&otilde;e s&atilde;o mecanismos para dar mais transpar&ecirc;ncia &agrave; quest&atilde;o da regula&ccedil;&atilde;o econ&ocirc;mica.<\/p>\n<p>Em rela&ccedil;&atilde;o &agrave; regula&ccedil;&atilde;o de conte&uacute;do, o projeto aborda a prote&ccedil;&atilde;o de crian&ccedil;as e adolescentes e de minorias e setores vulner&aacute;veis, al&eacute;m de delimitar com mais clareza aspectos ligados &agrave; publicidade. Embora criticada por empres&aacute;rios brasileiros, a regula&ccedil;&atilde;o dessas quest&otilde;es &eacute; comum em todas as democracias avan&ccedil;adas.<\/p>\n<p>Em alguns pa&iacute;ses, como o Reino Unido, vai-se al&eacute;m, e s&atilde;o estabelecidas obriga&ccedil;&otilde;es de imparcialidade e de oferta de uma pluralidade de vis&otilde;es na cobertura jornal&iacute;stica, quest&otilde;es das quais a proposta brasileira passa longe. Se mantida como est&aacute;, a regula&ccedil;&atilde;o de conte&uacute;do no Brasil ser&aacute; t&iacute;mida, bastante leve se comparada ao que adotam pa&iacute;ses como Portugal, Fran&ccedil;a, Alemanha e Reino Unido.<\/p>\n<p>Boas novas s&atilde;o as mudan&ccedil;as nas regras para concess&otilde;es de r&aacute;dio e televis&atilde;o, que estabelecem audi&ecirc;ncias p&uacute;blicas locais no processo de renova&ccedil;&atilde;o e impedem pol&iacute;ticos com mandato eletivo de serem donos de empresas concession&aacute;rias. A regula&ccedil;&atilde;o neste campo ser&aacute; ajudada por um cap&iacute;tulo de defini&ccedil;&otilde;es que impede as dezenas de interpreta&ccedil;&otilde;es existentes hoje por conta de conceitos pouco claros da lei.<\/p>\n<p><strong>Modelo europeu<\/strong><\/p>\n<p>De modo geral, o projeto segue a linha de diretivas da Uni&atilde;o Europeia, que determina que a regula&ccedil;&atilde;o deva ser inversamente proporcional ao poder de escolha do usu&aacute;rio. Ou seja, quanto mais &#39;pronta&#39; &eacute; oferecida a programa&ccedil;&atilde;o, maiores devem ser as obriga&ccedil;&otilde;es regulat&oacute;rias. Na Europa, isso faz com que a radiodifus&atilde;o tenha uma regula&ccedil;&atilde;o mais estrita que servi&ccedil;os por cat&aacute;logo ou v&iacute;deo on demand na internet, por exemplo. No caso brasileiro, o texto j&aacute; leva em conta as discuss&otilde;es do PLC 116, projeto de lei que aborda a converg&ecirc;ncia das telecomunica&ccedil;&otilde;es com a TV por assinatura e que est&aacute; pronto para aprova&ccedil;&atilde;o no Senado.<\/p>\n<p>O texto elaborado estabelece tr&ecirc;s modalidades de servi&ccedil;o. Os servi&ccedil;os audiovisuais lineares, inclusive de radiodifus&atilde;o, se agrupam como comunica&ccedil;&otilde;es sociais eletr&ocirc;nicas, como previsto no artigo 222 da Constitui&ccedil;&atilde;o. Sob a &eacute;gide de comunica&ccedil;&otilde;es eletr&ocirc;nicas ficam v&aacute;rios dos servi&ccedil;os organizados hoje sob o guarda-chuva das telecomunica&ccedil;&otilde;es. E h&aacute; ainda uma modalidade de servi&ccedil;os relacionados &agrave; internet.<\/p>\n<p>Ainda que o anteprojeto deixe parte das defini&ccedil;&otilde;es para regulamenta&ccedil;&atilde;o posterior, o grupo elaborador avan&ccedil;ou no sentido de identificar medidas que permitam altera&ccedil;&otilde;es em procedimentos administrativos nos diversos &oacute;rg&atilde;os que possuem atribui&ccedil;&otilde;es sobre as comunica&ccedil;&otilde;es. O objetivo &eacute; resolver problemas cr&ocirc;nicos do setor de radiodifus&atilde;o, sobre o qual at&eacute; hoje o Estado n&atilde;o possui capacidade de <em>enforcement<\/em> adequada nem coleta peri&oacute;dica de indicadores setoriais.<\/p>\n<p><strong>Ag&ecirc;ncia e Conselho<\/strong><\/p>\n<p>Do ponto de vista da arquitetura institucional, o projeto prev&ecirc; a cria&ccedil;&atilde;o da Ag&ecirc;ncia Nacional de Comunica&ccedil;&otilde;es, com poder para regular a presta&ccedil;&atilde;o de servi&ccedil;o de televis&atilde;o aberta, por assinatura e cinema, cuidando dos aspectos de programa&ccedil;&atilde;o, distribui&ccedil;&atilde;o e exibi&ccedil;&atilde;o. Hoje o setor tem poucas regras em rela&ccedil;&atilde;o a este aspecto, e mesmo as existentes n&atilde;o s&atilde;o fiscalizadas permanentemente pelo Minist&eacute;rio das Comunica&ccedil;&otilde;es.<\/p>\n<p>No formato proposto, a nova ag&ecirc;ncia ficaria vinculada ao Minist&eacute;rio das Comunica&ccedil;&otilde;es, e poderia deixar de cuidar das quest&otilde;es de fomento do setor audiovisual. Dependendo da avalia&ccedil;&atilde;o do futuro titular da pasta da Cultura, essas fun&ccedil;&otilde;es poderiam ser assimiladas pelo Minist&eacute;rio da Cultura, que j&aacute; foi respons&aacute;vel pelo fomento antes da forma&ccedil;&atilde;o da Ancine.<\/p>\n<p>O projeto traz tamb&eacute;m a previs&atilde;o de um Conselho ligado ao Executivo, com participa&ccedil;&atilde;o dos diferentes setores da sociedade civil, que tenha o papel de auxiliar no planejamento do setor, estabelecendo um plano nacional de comunica&ccedil;&atilde;o. Segundo a proposta, o pr&oacute;prio marco regulat&oacute;rio teria mecanismos de revis&atilde;o peri&oacute;dica para se manter atualizado.<\/p>\n<p>O texto traz ainda propostas do GT que estudou a comunica&ccedil;&atilde;o p&uacute;blica e tra&ccedil;ou defini&ccedil;&otilde;es que vinculam o car&aacute;ter p&uacute;blico da radiodifus&atilde;o &agrave;s modalidades de gest&atilde;o e de financiamento. O formato em que a proposta ser&aacute; entregue para o novo governo &ndash; se um texto de contribui&ccedil;&otilde;es ou um anteprojeto de lei &ndash; ainda n&atilde;o foi definido, mas &eacute; certo que a responsabilidade pelo encaminhamento das quest&otilde;es ficar&aacute; com o Minist&eacute;rio das Comunica&ccedil;&otilde;es, que ser&aacute; dirigido por Paulo Bernardo.<\/span><\/p>\n<p><em>* Atualizada em 15\/12 &agrave;s 16h50<\/em><\/p>\n","protected":false},"excerpt":{"rendered":"<p>Documento preliminar <span class=\"padrao\">n&atilde;o prop&otilde;e altera&ccedil;&otilde;es na Constitui&ccedil;&atilde;o nem mudan&ccedil;as significativas na Lei Geral de Telecomunica&ccedil;&otilde;es<\/span><\/p>\n","protected":false},"author":1,"featured_media":0,"comment_status":"open","ping_status":"open","sticky":false,"template":"","format":"standard","meta":{"footnotes":""},"categories":[40],"tags":[911],"_links":{"self":[{"href":"https:\/\/obscom.intervozes.org.br\/index.php?rest_route=\/wp\/v2\/posts\/25182"}],"collection":[{"href":"https:\/\/obscom.intervozes.org.br\/index.php?rest_route=\/wp\/v2\/posts"}],"about":[{"href":"https:\/\/obscom.intervozes.org.br\/index.php?rest_route=\/wp\/v2\/types\/post"}],"author":[{"embeddable":true,"href":"https:\/\/obscom.intervozes.org.br\/index.php?rest_route=\/wp\/v2\/users\/1"}],"replies":[{"embeddable":true,"href":"https:\/\/obscom.intervozes.org.br\/index.php?rest_route=%2Fwp%2Fv2%2Fcomments&post=25182"}],"version-history":[{"count":0,"href":"https:\/\/obscom.intervozes.org.br\/index.php?rest_route=\/wp\/v2\/posts\/25182\/revisions"}],"wp:attachment":[{"href":"https:\/\/obscom.intervozes.org.br\/index.php?rest_route=%2Fwp%2Fv2%2Fmedia&parent=25182"}],"wp:term":[{"taxonomy":"category","embeddable":true,"href":"https:\/\/obscom.intervozes.org.br\/index.php?rest_route=%2Fwp%2Fv2%2Fcategories&post=25182"},{"taxonomy":"post_tag","embeddable":true,"href":"https:\/\/obscom.intervozes.org.br\/index.php?rest_route=%2Fwp%2Fv2%2Ftags&post=25182"}],"curies":[{"name":"wp","href":"https:\/\/api.w.org\/{rel}","templated":true}]}}