{"id":25178,"date":"2010-12-13T17:06:31","date_gmt":"2010-12-13T17:06:31","guid":{"rendered":"https:\/\/obscom.intervozes.org.br\/wordpress\/?p=25178"},"modified":"2010-12-13T17:06:31","modified_gmt":"2010-12-13T17:06:31","slug":"anatel-comeca-a-discutir-ocupacao-da-faixa-de-700-mhz-com-radiodifusores","status":"publish","type":"post","link":"https:\/\/obscom.intervozes.org.br\/?p=25178","title":{"rendered":"Anatel come\u00e7a a discutir ocupa\u00e7\u00e3o da faixa de 700 MHz com radiodifusores"},"content":{"rendered":"<p>A Anatel dever&aacute; come&ccedil;ar a discutir com radiodifusores, na semana do dia 13, algumas ideias sobre uma futura regulamenta&ccedil;&atilde;o de uso da faixa de 700 MHz, atualmente alocada para os servi&ccedil;os de radiodifus&atilde;o em UHF. Um dos pontos que devem ser colocados pela Anatel aos radiodifusores &eacute; que, quando terminar a transi&ccedil;&atilde;o da TV anal&oacute;gica para a TV digital, em 2016, mesmo com a devolu&ccedil;&atilde;o das faixas de VHF, sobrar&aacute; espa&ccedil;o para os radiodifusores.<\/p>\n<p>As premissas iniciais dos t&eacute;cnicos da ag&ecirc;ncia s&atilde;o de que haver&aacute; n&atilde;o s&oacute; melhores t&eacute;cnicas de compress&atilde;o (permitindo a transmiss&atilde;o de canais HD, 3D etc em menos espa&ccedil;o), como n&atilde;o haver&aacute;, em nenhum mercado, espa&ccedil;o econ&ocirc;mico para tantos canais de TV aberta (hoje, no UHF e no VHF, h&aacute; 69 canais dispon&iacute;veis). Outra premissa &eacute; que as emissoras de TV precisar&atilde;o de canal de retorno para aplica&ccedil;&otilde;es interativas.<\/p>\n<p>Uma das ideias que est&atilde;o sendo trabalhadas dentro da ag&ecirc;ncia &eacute; que a ocupa&ccedil;&atilde;o de espectro na faixa de 700 MHz se d&ecirc; por empresas de telecomunica&ccedil;&otilde;es mediante parcerias com as emissoras de TV. Por esta ideia, os radiodifusores concordariam em abrir m&atilde;o de parte do espectro, e em troca as empresas de telecom que ocuparem a faixa fornecer&atilde;o a infraestrutura para o retorno dos sinais interativos de TV, numa esp&eacute;cie de contrapartida a ser assumida no leil&atilde;o.<\/p>\n<p>Ainda s&atilde;o ideias iniciais, mas j&aacute; preparando um ambiente de intensos debates que devem surgir daqui para frente. Durante o Congresso da SET (Sociedade de Engenharia de TV), realizada em agosto, radiodifusores j&aacute; apontaram a necessidade futura de espectro e sinalizaram que n&atilde;o abrir&atilde;o m&atilde;o facilmente das faixas que hoje ocupam.<\/p>\n","protected":false},"excerpt":{"rendered":"<p>A Anatel dever&aacute; come&ccedil;ar a discutir com radiodifusores, na semana do dia 13, algumas ideias sobre uma futura regulamenta&ccedil;&atilde;o de uso da faixa de 700 MHz, atualmente alocada para os servi&ccedil;os de radiodifus&atilde;o em UHF. Um dos pontos que devem ser colocados pela Anatel aos radiodifusores &eacute; que, quando terminar a transi&ccedil;&atilde;o da TV anal&oacute;gica &hellip; <a href=\"https:\/\/obscom.intervozes.org.br\/?p=25178\" class=\"more-link\">Continue lendo <span class=\"screen-reader-text\">Anatel come\u00e7a a discutir ocupa\u00e7\u00e3o da faixa de 700 MHz com radiodifusores<\/span> <span class=\"meta-nav\">&rarr;<\/span><\/a><\/p>\n","protected":false},"author":1,"featured_media":0,"comment_status":"open","ping_status":"open","sticky":false,"template":"","format":"standard","meta":{"footnotes":""},"categories":[40],"tags":[551],"_links":{"self":[{"href":"https:\/\/obscom.intervozes.org.br\/index.php?rest_route=\/wp\/v2\/posts\/25178"}],"collection":[{"href":"https:\/\/obscom.intervozes.org.br\/index.php?rest_route=\/wp\/v2\/posts"}],"about":[{"href":"https:\/\/obscom.intervozes.org.br\/index.php?rest_route=\/wp\/v2\/types\/post"}],"author":[{"embeddable":true,"href":"https:\/\/obscom.intervozes.org.br\/index.php?rest_route=\/wp\/v2\/users\/1"}],"replies":[{"embeddable":true,"href":"https:\/\/obscom.intervozes.org.br\/index.php?rest_route=%2Fwp%2Fv2%2Fcomments&post=25178"}],"version-history":[{"count":0,"href":"https:\/\/obscom.intervozes.org.br\/index.php?rest_route=\/wp\/v2\/posts\/25178\/revisions"}],"wp:attachment":[{"href":"https:\/\/obscom.intervozes.org.br\/index.php?rest_route=%2Fwp%2Fv2%2Fmedia&parent=25178"}],"wp:term":[{"taxonomy":"category","embeddable":true,"href":"https:\/\/obscom.intervozes.org.br\/index.php?rest_route=%2Fwp%2Fv2%2Fcategories&post=25178"},{"taxonomy":"post_tag","embeddable":true,"href":"https:\/\/obscom.intervozes.org.br\/index.php?rest_route=%2Fwp%2Fv2%2Ftags&post=25178"}],"curies":[{"name":"wp","href":"https:\/\/api.w.org\/{rel}","templated":true}]}}