{"id":25177,"date":"2010-12-13T17:01:13","date_gmt":"2010-12-13T17:01:13","guid":{"rendered":"https:\/\/obscom.intervozes.org.br\/wordpress\/?p=25177"},"modified":"2010-12-13T17:01:13","modified_gmt":"2010-12-13T17:01:13","slug":"comissao-estudara-implantar-o-conselho-de-comunicacao-no-rs","status":"publish","type":"post","link":"https:\/\/obscom.intervozes.org.br\/?p=25177","title":{"rendered":"Comiss\u00e3o estudar\u00e1 implantar o Conselho de Comunica\u00e7\u00e3o no RS"},"content":{"rendered":"<p><strong>Reda&ccedil;&atilde;o &#8211; Coletiva.net<\/strong><\/p>\n<p>O governador eleito Tarso Genro afirmou que vai nomear uma comiss&atilde;o para estudar a implanta&ccedil;&atilde;o de um Conselho de Comunica&ccedil;&atilde;o no Rio Grande do Sul, proposto pelo Sindicato dos Jornalistas. &ldquo;Caso n&atilde;o se chegue a um consenso, vamos fazer uso do poder que nos &eacute; atribu&iacute;do para definir pol&iacute;ticas de democratiza&ccedil;&atilde;o e liberdade de express&atilde;o no Estado. Sobre este tema, Tarso aproveitou para comentar sua frustra&ccedil;&atilde;o com a imprensa brasileira que n&atilde;o se manifestou a favor de Julian Assange, do WikiLeaks. &rdquo;Est&atilde;o prendendo o Assange e ningu&eacute;m est&aacute; reclamando. Imagina se fosse algum de voc&ecirc;s&rdquo;, disse, ressaltando a manifesta&ccedil;&atilde;o tamb&eacute;m feita pelo presidente Lula nesta quinta-feira, 9.<\/p>\n<p>Sobre a rela&ccedil;&atilde;o que o Estado vai ter com as r&aacute;dios comunit&aacute;rias, informou que tem &ldquo;uma simpatia muito grande&rdquo; por este tipo de emissora e que pretende inclu&iacute;-las nas pol&iacute;ticas de Comunica&ccedil;&atilde;o do Governo. &ldquo;Teremos uma pol&iacute;tica p&uacute;blica em favor da democracia de informa&ccedil;&atilde;o. Os recursos ser&atilde;o distribu&iacute;dos de acordo com a contribui&ccedil;&atilde;o das empresas para a sociedade, seja a imprensa tradicional ou as m&iacute;dias alternativas&rdquo;, disse o futuro governador.<\/p>\n<p>Tarso concedeu entrevista para cerca de 20 blogueiros na sede da Procergs. Al&eacute;m de indicar Vera Spolidoro para secret&aacute;ria de Comunica&ccedil;&atilde;o e Pedro Os&oacute;rio para presidente da Funda&ccedil;&atilde;o Cultural Piratini, abordou t&oacute;picos como investimentos em sa&uacute;de e defini&ccedil;&atilde;o de pol&iacute;ticas p&uacute;blicas para a agricultura no Estado.<\/p>\n","protected":false},"excerpt":{"rendered":"<p>Reda&ccedil;&atilde;o &#8211; Coletiva.net O governador eleito Tarso Genro afirmou que vai nomear uma comiss&atilde;o para estudar a implanta&ccedil;&atilde;o de um Conselho de Comunica&ccedil;&atilde;o no Rio Grande do Sul, proposto pelo Sindicato dos Jornalistas. &ldquo;Caso n&atilde;o se chegue a um consenso, vamos fazer uso do poder que nos &eacute; atribu&iacute;do para definir pol&iacute;ticas de democratiza&ccedil;&atilde;o e &hellip; <a href=\"https:\/\/obscom.intervozes.org.br\/?p=25177\" class=\"more-link\">Continue lendo <span class=\"screen-reader-text\">Comiss\u00e3o estudar\u00e1 implantar o Conselho de Comunica\u00e7\u00e3o no RS<\/span> <span class=\"meta-nav\">&rarr;<\/span><\/a><\/p>\n","protected":false},"author":1,"featured_media":0,"comment_status":"open","ping_status":"open","sticky":false,"template":"","format":"standard","meta":{"footnotes":""},"categories":[39],"tags":[],"_links":{"self":[{"href":"https:\/\/obscom.intervozes.org.br\/index.php?rest_route=\/wp\/v2\/posts\/25177"}],"collection":[{"href":"https:\/\/obscom.intervozes.org.br\/index.php?rest_route=\/wp\/v2\/posts"}],"about":[{"href":"https:\/\/obscom.intervozes.org.br\/index.php?rest_route=\/wp\/v2\/types\/post"}],"author":[{"embeddable":true,"href":"https:\/\/obscom.intervozes.org.br\/index.php?rest_route=\/wp\/v2\/users\/1"}],"replies":[{"embeddable":true,"href":"https:\/\/obscom.intervozes.org.br\/index.php?rest_route=%2Fwp%2Fv2%2Fcomments&post=25177"}],"version-history":[{"count":0,"href":"https:\/\/obscom.intervozes.org.br\/index.php?rest_route=\/wp\/v2\/posts\/25177\/revisions"}],"wp:attachment":[{"href":"https:\/\/obscom.intervozes.org.br\/index.php?rest_route=%2Fwp%2Fv2%2Fmedia&parent=25177"}],"wp:term":[{"taxonomy":"category","embeddable":true,"href":"https:\/\/obscom.intervozes.org.br\/index.php?rest_route=%2Fwp%2Fv2%2Fcategories&post=25177"},{"taxonomy":"post_tag","embeddable":true,"href":"https:\/\/obscom.intervozes.org.br\/index.php?rest_route=%2Fwp%2Fv2%2Ftags&post=25177"}],"curies":[{"name":"wp","href":"https:\/\/api.w.org\/{rel}","templated":true}]}}