{"id":25169,"date":"2010-12-09T16:48:40","date_gmt":"2010-12-09T16:48:40","guid":{"rendered":"https:\/\/obscom.intervozes.org.br\/wordpress\/?p=25169"},"modified":"2010-12-09T16:48:40","modified_gmt":"2010-12-09T16:48:40","slug":"audiencia-publica-debate-criacao-de-conselho-estadual-em-sp","status":"publish","type":"post","link":"https:\/\/obscom.intervozes.org.br\/?p=25169","title":{"rendered":"Audi\u00eancia p\u00fablica debate cria\u00e7\u00e3o de Conselho Estadual em SP"},"content":{"rendered":"<p><span class=\"padrao\">Nesta quarta-feira (08\/12), o audit&oacute;rio Franco Montoro da Assembleia Legislativa do Estado de S&atilde;o Paulo (Alesp) recebeu mais de 300 pessoas para realiza&ccedil;&atilde;o de audi&ecirc;ncia p&uacute;blica que debateu a cria&ccedil;&atilde;o do Conselho Estadual Parlamentar de Comunica&ccedil;&atilde;o &#8211; Consecom. De autoria do deputado estadual Antonio Mentor, l&iacute;der da bancada do PT na Casa, o projeto de resolu&ccedil;&atilde;o n&deg; 09\/2010 prev&ecirc; a cria&ccedil;&atilde;o de um conselho, dentre outras prerrogativas, para avaliar e propor pol&iacute;ticas p&uacute;blicas de comunica&ccedil;&atilde;o no &acirc;mbito estadual.<\/p>\n<p>Outros Estados, como Bahia, Cear&aacute;, Rio de Janeiro, Alagoas e Piau&iacute;, tamb&eacute;m est&atilde;o debatendo a cria&ccedil;&atilde;o de Conselhos de Comunica&ccedil;&atilde;o. Em S&atilde;o Paulo, a peculiaridade &eacute; que a proposta do Consecom se d&aacute; no &acirc;mbito do Parlamento, aos moldes do j&aacute; existente CCS (Conselho de Comunica&ccedil;&atilde;o Social) do Senado Federal, criado em 1988 pela Constitui&ccedil;&atilde;o Federal e atualmente inoperante.<\/p>\n<p>Tais debates que v&ecirc;m ocorrendo Brasil a fora visam cumprir demanda da I Confer&ecirc;ncia Nacional de Comunica&ccedil;&atilde;o, realizada em diversos munic&iacute;pios, Estados e no &acirc;mbito federal em 2009. Apoiada por consenso entre empres&aacute;rios participantes, sociedade civil e poder p&uacute;blico, uma destas resolu&ccedil;&otilde;es versa sobre a necessidade de cria&ccedil;&atilde;o de um Conselho Federal e de Conselhos Estaduais de Comunica&ccedil;&atilde;o.<\/p>\n<p>Em S&atilde;o Paulo, a audi&ecirc;ncia p&uacute;blica desta quarta-feira na Alesp foi dividida em dois eixos principais: &ldquo;A propositura a luz da Constitucionalidade e da Legalidade&rdquo; (Eixo I) e &ldquo;Amea&ccedil;a &agrave; Liberdade de Imprensa ou Exerc&iacute;cio da Cidadania?&rdquo; (Eixo II).<\/p>\n<p>O Eixo I contou com a presen&ccedil;a dos debatedores Igor Tamasauskas, advogado formado pela USP, ex-Subchefe Adjunto para Assuntos Jur&iacute;dicos da Casa Civil da Presid&ecirc;ncia da Rep&uacute;blica, e S&eacute;rgio Azevedo Red&oacute;, presidente da Comiss&atilde;o de Imprensa da Ordem dos Advogados do Brasil &#8211; Se&ccedil;&atilde;o S&atilde;o Paulo. Ambos debatedores entendem a cria&ccedil;&atilde;o do Conselho como legal e atendendo os preceitos constitucionais.<\/p>\n<p>Para Igor Tamasauskas, o Conselho ser&aacute; um importante &oacute;rg&atilde;o de debate, que possibilitar&aacute; a vocaliza&ccedil;&atilde;o da sociedade paulista na &aacute;rea da comunica&ccedil;&atilde;o. &ldquo;Seja pela limita&ccedil;&atilde;o em fun&ccedil;&atilde;o da garantia de ampla liberdade de express&atilde;o, seja pela limita&ccedil;&atilde;o do que o Estado, enquanto ente da Federa&ccedil;&atilde;o, possa legislar sobre o tema, fica a pergunta: existe espa&ccedil;o para o Estado criar um &oacute;rg&atilde;o para tratar do assunto? A partir da an&aacute;lise do projeto de resolu&ccedil;&atilde;o, a resposta &eacute; positiva. Sim, existe espa&ccedil;o, sobretudo porque o Conselho tem o objetivo de fomentar, de discutir e conferir voz aos atores da sociedade e do pr&oacute;prio poder constitu&iacute;do, atrav&eacute;s de atos de entendimento e busca de resolu&ccedil;&atilde;o para as quest&otilde;es importantes que surjam sobre a Comunica&ccedil;&atilde;o Social&rdquo;, disse.<\/p>\n<p>S&eacute;rgio Red&oacute;, da Associa&ccedil;&atilde;o Paulista de Imprensa e presidente da comiss&atilde;o de imprensa da OAB-SP, frisou o fato de o Conselho se restringir ao &acirc;mbito do Poder Legislativo e diferenciou os conceitos de regulamenta&ccedil;&atilde;o e controle de conte&uacute;do. &ldquo;Existe uma limita&ccedil;&atilde;o sobre o pensamento existente sobre o assunto. Cercear o controle do conte&uacute;do da comunica&ccedil;&atilde;o &eacute; completamente distante de normatizar os processos e os procedimentos da comunica&ccedil;&atilde;o, que &eacute; o que este projeto petende alcan&ccedil;ar&rdquo;. Red&oacute; criticou o v&aacute;cuo deixado pela decis&atilde;o do Supremo Tribunal Federal (STF) sobre a Lei de Imprensa, principalmente no que diz respeito ao Direito de Resposta, como exemplo da possibilidade de normatiza&ccedil;&atilde;o na &aacute;rea.<\/p>\n<p>Antes do encerramento do Eixo I a palavra foi concedida &agrave; plat&eacute;ia para interven&ccedil;&otilde;es sob o ponto de vista da legalidade e constitucionalidade do projeto. Uma das falas foi do deputado Rui Falc&atilde;o (PT-SP), convidado tamb&eacute;m para compor a mesa. &ldquo;Historicamente houve recusa dos setores poderosos de ter qualquer tipo de regula&ccedil;&atilde;o. Aqui em S&atilde;o Paulo, h&aacute; inclusive uma parceria neste debate com o deputado Edmir Chedid, do DEM, que tamb&eacute;m ap&oacute;ia esta iniciativa. Numa &eacute;poca de mudan&ccedil;as na legisla&ccedil;&atilde;o, de converg&ecirc;ncias de m&iacute;dias, chegou o momento da cria&ccedil;&atilde;o deste Conselho, que vai convidar membros da sociedade, do poder p&uacute;blico, da m&iacute;dia comercial, e possui fun&ccedil;&otilde;es muito bem explicitadas&rdquo;, afirmou.<\/p>\n<p><strong>&ldquo;Fiscalizar n&atilde;o significa ter a prerrogativa de punir&rdquo;<\/strong><\/p>\n<p>No Eixo II da audi&ecirc;ncia p&uacute;blica: &ldquo;Amea&ccedil;a &agrave; Liberdade de Imprensa ou Exerc&iacute;cio da Cidadania?&rdquo;, ainda sob condu&ccedil;&atilde;o dos trabalhos do deputado Antonio Mentor, o primeiro debatedor foi S&eacute;rgio Milleto, representante da Altercom (Associa&ccedil;&atilde;o Brasileira de Empresas e Empreendedores da Comunica&ccedil;&atilde;o), que demonstrou-se totalmente favor&aacute;vel a cria&ccedil;&atilde;o do Conselho e falou sobre o fato de as concess&otilde;es p&uacute;blicas no Brasil manterem a l&oacute;gica de serem passadas de pai para filho, sem avalia&ccedil;&otilde;es da sociedade, justamente a quem deveria ser voltado um bem p&uacute;blico, um servi&ccedil;o p&uacute;blico. &ldquo;Hoje, cada vez mais, os anunciantes controlam o conte&uacute;do da comunica&ccedil;&atilde;o, os valores da sociedade. E esta &eacute; a maior forma de censura. Com rela&ccedil;&atilde;o ao projeto, portanto, tamb&eacute;m ter&iacute;amos que repensar o inciso sobre publicidade, repensar o fato de que as aferi&ccedil;&otilde;es de marketing share, que determinam para onde v&atilde;o as verbas federais, devem ser revistas. Um site ou blog na internet hoje pode ter muito mais audi&ecirc;ncia que outros meios de comunica&ccedil;&atilde;o&rdquo;, disse.<\/p>\n<p>O pr&oacute;ximo a falar foi Wilson Malini, da Associa&ccedil;&atilde;o Paulista de Jornais (APJ) fazendo uma diferencia&ccedil;&atilde;o entre imprensa escrita e radiodifus&atilde;o por serem legisla&ccedil;&otilde;es e conceitos diferentes e demonstrando preocupa&ccedil;&atilde;o com a cria&ccedil;&atilde;o do Conselho. &ldquo;&Eacute; preocupante o trecho que diz &ldquo;atuar em defesa do interesse p&uacute;blico, abrangendo as atividades de imprensa escrita&rdquo;, por ser um conceito muito gen&eacute;rico. At&eacute; onde este conselho poderia exercer uma press&atilde;o? N&atilde;o usaria o termo censura, mas isso nos preocupa&rdquo;. Para o representante da APJ, o jornalismo j&aacute; possui diversas formas de controle social, como os observat&oacute;rios de imprensa, os ombudsmans e jornais que contam com conselhos editoriais representativos da sociedade. Ap&oacute;s, citou mensagem encaminhada pelo presidente da associa&ccedil;&atilde;o, Renato Zaiden, favor&aacute;vel a auto-regulamenta&ccedil;&atilde;o e contra qualquer tipo de conselho de comunica&ccedil;&atilde;o atrelado ao Executivo.<\/p>\n<p>O presidente do Sindicado dos Jornalistas de S&atilde;o Paulo, Guto Camargo, &eacute; favor&aacute;vel &agrave; cria&ccedil;&atilde;o do Conselho e centrou sua fala dando exemplos de outras &aacute;reas que possuem conselhos semelhantes, como sa&uacute;de, moradia, seguran&ccedil;a p&uacute;blica, educa&ccedil;&atilde;o, etc. &ldquo;O conselho &eacute; plenamente justific&aacute;vel e, como j&aacute; demonstrado, constitucional. Ali&aacute;s, o papel destes conselhos no ordenamento jur&iacute;dico brasileiro j&aacute; est&aacute; consolidado. A id&eacute;ia de Conselho, como forma de organiza&ccedil;&atilde;o, regula&ccedil;&atilde;o, espa&ccedil;o para debates, no que se refere a cria&ccedil;&atilde;o e acompanhamento de pol&iacute;ticas p&uacute;blicas, &eacute; hoje uma tradi&ccedil;&atilde;o brasileira&rdquo;, disse.<\/p>\n<p>O pr&oacute;ximo debatedor foi Edilberto de Paula Ribeiro, presidente da Associa&ccedil;&atilde;o de Emissoras de R&aacute;dio e Televis&atilde;o do Estado de S&atilde;o Paulo (AESP\/ABERT). Justificando o fato de a AESP e a ABERT n&atilde;o terem participado da Confecom, Edilberto fez cr&iacute;ticas ao posicionamento do governo federal no que se refere &agrave;s demandas do seu setor. Dentre elas, citou a indefini&ccedil;&atilde;o sobre o sistema de r&aacute;dio digital, a entrada das operadoras de telecomunica&ccedil;&otilde;es internacionais no &acirc;mbito da radiodifus&atilde;o e a obrigatoriedade da Voz do Brasil. &ldquo;O setor quer conversar sim, quer dialogar, mas antes quer ver os seus anseios e observa&ccedil;&otilde;es, tamb&eacute;m atendidas, para que depois as coisas possam ser encaminhadas&rdquo;. Ao final, n&atilde;o se posicionou claramente sobre ser favor&aacute;vel ou contr&aacute;rio &agrave; cria&ccedil;&atilde;o do Conselho Estadual Parlamentar de Comunica&ccedil;&atilde;o.<\/p>\n<p>Os mesmos posicionamentos n&atilde;o foram tomados por C&iacute;cero Ferreira, diretor da ABRA (Associa&ccedil;&atilde;o Brasileira de Radiodifusores), encabe&ccedil;ada por RedeTV! e Rede Bandeirantes. C&iacute;cero, representando o presidente da RedeTV! e da ABRA, Am&iacute;lcare Dallevo, citou o hist&oacute;rico de participa&ccedil;&atilde;o destas emissoras no processo da Confecom em 2009 e o qu&atilde;o importante &eacute; para a ind&uacute;stria a participa&ccedil;&atilde;o nestes debates. C&iacute;cero centrou sua fala na inova&ccedil;&atilde;o tecnol&oacute;gica, referindo-se, por exemplo, ao Plano Nacional de Banda Larga e suas repercuss&otilde;es nas televis&otilde;es e ao novo Marco Regulat&oacute;rio. Sobre esse assunto, disse que a ABRA vem centrando sua aten&ccedil;&atilde;o no &acirc;mbito federal, participando inclusive do debate sobre a implementa&ccedil;&atilde;o de um Conselho Federal de Comunica&ccedil;&atilde;o.<\/p>\n<p>Walter Ceneviva, Vice-Presidente Executivo da Rede Bandeirantes, a exemplo de C&iacute;cero, falou da import&acirc;ncia da participa&ccedil;&atilde;o nos debates mas que atualmente s&atilde;o necess&aacute;rias mais a&ccedil;&otilde;es do que discuss&otilde;es. Citou que pouqu&iacute;ssimas resolu&ccedil;&otilde;es da Confecom, um ano depois de sua realiza&ccedil;&atilde;o, foram colocadas em pr&aacute;tica e que, portanto, achava desnecess&aacute;rio e indesej&aacute;vel o Conselho no Estado de S&atilde;o Paulo. Ao final, chegou a comentar que sua sensa&ccedil;&atilde;o &eacute; de que todos ali estavam perdendo tempo e que isso poderia dispersar a&ccedil;&otilde;es concretas.<\/p>\n<p>A &uacute;ltima debatedora foi Bia Barbosa, integrante do Intervozes &#8211; Coletivo Brasil de Comunica&ccedil;&atilde;o Social. Representando a &ldquo;Frente Paulista pelo Direito &agrave; Comunica&ccedil;&atilde;o e Liberdade de Express&atilde;o&rdquo; in&iacute;ciou sua fala contrapondo-se de forma veemente a afirma&ccedil;&atilde;o de Walter Ceneviva de que todos ali estavam perdendo tempo. Ap&oacute;s, citou a import&acirc;ncia da cria&ccedil;&atilde;o do Conselho Estadual citando in&uacute;meras irregularidades e viola&ccedil;&otilde;es de direitos previstos na Constitui&ccedil;&atilde;o no que se refere &agrave; Comunica&ccedil;&atilde;o. Bia tamb&eacute;m defendeu o car&aacute;ter deliberativo do Conselho e solicitou que cada segmento representado, seja o poder p&uacute;blico, a sociedade civil ou o empresariado, eleja seus pr&oacute;prios representantes. &ldquo;Sobre o artigo 22 da Constitui&ccedil;&atilde;o Federal, que diz ser compet&ecirc;ncia da Uni&atilde;o legislar sobre Comunica&ccedil;&atilde;o, fez a diferencia&ccedil;&atilde;o deste Conselho que n&atilde;o prop&otilde;e legislar sobre o tema, mas sim fiscalizar a legisla&ccedil;&atilde;o existente, cujo significado n&atilde;o &eacute; ter a prerrogativa de punir, mas de identificar as viola&ccedil;&otilde;es e simplesmente encaminh&aacute;-las aos &oacute;rg&atilde;os respons&aacute;veis, seja o Minist&eacute;rio P&uacute;blico, o Minist&eacute;rio das Comunica&ccedil;&otilde;es ou a Anatel&rdquo;, afirmou.<\/p>\n<p>Ao final, Bia direcionou-se aos ve&iacute;culos de comunica&ccedil;&atilde;o ali presentes, tais como jornal Folha de S.Paulo, Estad&atilde;o e R&aacute;dio CBN, que v&ecirc;m se posicionando de forma contr&aacute;ria a implementa&ccedil;&atilde;o dos Conselhos Estaduais. Para ela, seria importante que o debate fosse de fato democr&aacute;tico nos espa&ccedil;os dedicados por estes ve&iacute;culos ao tema, j&aacute; que geralmente a vis&atilde;o &eacute; parcial e n&atilde;o contempla atores da sociedade civil com formula&ccedil;&atilde;o hist&oacute;rica sobre as quest&otilde;es. Ainda, seria importante a efetiva participa&ccedil;&atilde;o dos principais ve&iacute;culos neste debate, uma vez que n&atilde;o se trata de &ldquo;um bicho de sete cabe&ccedil;as&rdquo; e que a id&eacute;ia central do Conselho &eacute; basicamente ampliar a discuss&atilde;o sobre Comunica&ccedil;&atilde;o Social.<\/p>\n<p>O projeto de resolu&ccedil;&atilde;o n&deg; 09\/2010 tramita atualmente na Comiss&atilde;o de Constitui&ccedil;&atilde;o e Justi&ccedil;a da Alesp e se aprovado passar&aacute; pelas Comiss&otilde;es de Finan&ccedil;as e Or&ccedil;amento e de Transportes e Comunica&ccedil;&atilde;o antes de ser encaminhado pela mesa diretora para vota&ccedil;&atilde;o em plen&aacute;rio. Antes do final da audi&ecirc;ncia p&uacute;blica, a palavra foi novamente concedida &agrave; plat&eacute;ia, tendo se posicionado diversos atores, principalmente da sociedade civil organizada, fazendo sugest&otilde;es de texto ao projeto de cria&ccedil;&atilde;o do Conselho, denunciando casos pr&aacute;ticos de viola&ccedil;&atilde;o do direito &agrave; comunica&ccedil;&atilde;o e solicitando que a liberdade de express&atilde;o no Brasil, enfim, seja de fato exercida por todos.<\/span><\/p>\n","protected":false},"excerpt":{"rendered":"<p>Cerca de 150 representantes da sociedade civil, empresarial e pol&iacute;tica participaram do encontro promovido pela Alesp.<\/p>\n","protected":false},"author":1,"featured_media":0,"comment_status":"open","ping_status":"open","sticky":false,"template":"","format":"standard","meta":{"footnotes":""},"categories":[40],"tags":[1443],"_links":{"self":[{"href":"https:\/\/obscom.intervozes.org.br\/index.php?rest_route=\/wp\/v2\/posts\/25169"}],"collection":[{"href":"https:\/\/obscom.intervozes.org.br\/index.php?rest_route=\/wp\/v2\/posts"}],"about":[{"href":"https:\/\/obscom.intervozes.org.br\/index.php?rest_route=\/wp\/v2\/types\/post"}],"author":[{"embeddable":true,"href":"https:\/\/obscom.intervozes.org.br\/index.php?rest_route=\/wp\/v2\/users\/1"}],"replies":[{"embeddable":true,"href":"https:\/\/obscom.intervozes.org.br\/index.php?rest_route=%2Fwp%2Fv2%2Fcomments&post=25169"}],"version-history":[{"count":0,"href":"https:\/\/obscom.intervozes.org.br\/index.php?rest_route=\/wp\/v2\/posts\/25169\/revisions"}],"wp:attachment":[{"href":"https:\/\/obscom.intervozes.org.br\/index.php?rest_route=%2Fwp%2Fv2%2Fmedia&parent=25169"}],"wp:term":[{"taxonomy":"category","embeddable":true,"href":"https:\/\/obscom.intervozes.org.br\/index.php?rest_route=%2Fwp%2Fv2%2Fcategories&post=25169"},{"taxonomy":"post_tag","embeddable":true,"href":"https:\/\/obscom.intervozes.org.br\/index.php?rest_route=%2Fwp%2Fv2%2Ftags&post=25169"}],"curies":[{"name":"wp","href":"https:\/\/api.w.org\/{rel}","templated":true}]}}