{"id":25168,"date":"2010-12-09T16:28:07","date_gmt":"2010-12-09T16:28:07","guid":{"rendered":"https:\/\/obscom.intervozes.org.br\/wordpress\/?p=25168"},"modified":"2010-12-09T16:28:07","modified_gmt":"2010-12-09T16:28:07","slug":"e-tudo-verdade-tem-inscricoes-prorrogadas","status":"publish","type":"post","link":"https:\/\/obscom.intervozes.org.br\/?p=25168","title":{"rendered":"\u00c9 Tudo Verdade tem inscri\u00e7\u00f5es prorrogadas"},"content":{"rendered":"\n<p class=\"padrao\"><strong>Do site Tela Viva News <\/strong><\/p>\n<p class=\"padrao\">&nbsp;<\/p>\n<p class=\"padrao\">Foi prorrogado at&eacute; o dia 17 de dezembro o prazo para inscri&ccedil;&otilde;es de document&aacute;rios brasileiros para o &Eacute; Tudo Verdade 2011 &#8211; 16o. Festival Internacional de Document&aacute;rios. O evento, dedicado &agrave; produ&ccedil;&atilde;o n&atilde;o-ficcional na Am&eacute;rica do Sul, ser&aacute; realizado entre 31 de marco e 10 de abril simultaneamente em S&atilde;o Paulo e no Rio de Janeiro. Haver&aacute; t&aacute;mb&eacute;m um circuito itinerante, ainda n&atilde;o divulgado.<\/p>\n<p>Para participar. A obra deve ser in&eacute;dita no pa&iacute;s para poder concorrer entre os longas e m&eacute;dias-metragens documentais na mostra competitiva nacional. O pr&ecirc;mio &eacute; de R$ 100 mil.<\/p>\n<p>N&atilde;o h&aacute; exig&ecirc;ncia de ineditismo para a competi&ccedil;&atilde;o de curtas-metragens brasileiros, mas a sele&ccedil;&atilde;o dar&aacute; prefer&ecirc;ncia a produ&ccedil;&otilde;es in&eacute;ditas. O mesmo crit&eacute;rio vale para a sele&ccedil;&atilde;o de t&iacute;tulos nacionais para as mostras informativas do festival (O Estado das Coisas, Foco Latino-Americano) O regulamento e a ficha de inscri&ccedil;&atilde;o podem ser encontrados no site www.etudoverdade.com.br. (<em>Reda&ccedil;&atilde;o<\/em>)<\/p>\n","protected":false},"excerpt":{"rendered":"<p>Do site Tela Viva News &nbsp; Foi prorrogado at&eacute; o dia 17 de dezembro o prazo para inscri&ccedil;&otilde;es de document&aacute;rios brasileiros para o &Eacute; Tudo Verdade 2011 &#8211; 16o. Festival Internacional de Document&aacute;rios. O evento, dedicado &agrave; produ&ccedil;&atilde;o n&atilde;o-ficcional na Am&eacute;rica do Sul, ser&aacute; realizado entre 31 de marco e 10 de abril simultaneamente em &hellip; <a href=\"https:\/\/obscom.intervozes.org.br\/?p=25168\" class=\"more-link\">Continue lendo <span class=\"screen-reader-text\">\u00c9 Tudo Verdade tem inscri\u00e7\u00f5es prorrogadas<\/span> <span class=\"meta-nav\">&rarr;<\/span><\/a><\/p>\n","protected":false},"author":1,"featured_media":0,"comment_status":"open","ping_status":"open","sticky":false,"template":"","format":"standard","meta":{"footnotes":""},"categories":[39],"tags":[],"_links":{"self":[{"href":"https:\/\/obscom.intervozes.org.br\/index.php?rest_route=\/wp\/v2\/posts\/25168"}],"collection":[{"href":"https:\/\/obscom.intervozes.org.br\/index.php?rest_route=\/wp\/v2\/posts"}],"about":[{"href":"https:\/\/obscom.intervozes.org.br\/index.php?rest_route=\/wp\/v2\/types\/post"}],"author":[{"embeddable":true,"href":"https:\/\/obscom.intervozes.org.br\/index.php?rest_route=\/wp\/v2\/users\/1"}],"replies":[{"embeddable":true,"href":"https:\/\/obscom.intervozes.org.br\/index.php?rest_route=%2Fwp%2Fv2%2Fcomments&post=25168"}],"version-history":[{"count":0,"href":"https:\/\/obscom.intervozes.org.br\/index.php?rest_route=\/wp\/v2\/posts\/25168\/revisions"}],"wp:attachment":[{"href":"https:\/\/obscom.intervozes.org.br\/index.php?rest_route=%2Fwp%2Fv2%2Fmedia&parent=25168"}],"wp:term":[{"taxonomy":"category","embeddable":true,"href":"https:\/\/obscom.intervozes.org.br\/index.php?rest_route=%2Fwp%2Fv2%2Fcategories&post=25168"},{"taxonomy":"post_tag","embeddable":true,"href":"https:\/\/obscom.intervozes.org.br\/index.php?rest_route=%2Fwp%2Fv2%2Ftags&post=25168"}],"curies":[{"name":"wp","href":"https:\/\/api.w.org\/{rel}","templated":true}]}}