{"id":25157,"date":"2010-12-08T16:46:24","date_gmt":"2010-12-08T16:46:24","guid":{"rendered":"https:\/\/obscom.intervozes.org.br\/wordpress\/?p=25157"},"modified":"2010-12-08T16:46:24","modified_gmt":"2010-12-08T16:46:24","slug":"pernambuco-vai-licitar-servicos-integrados-de-telecomunicacoes","status":"publish","type":"post","link":"https:\/\/obscom.intervozes.org.br\/?p=25157","title":{"rendered":"Pernambuco vai licitar servi\u00e7os integrados de telecomunica\u00e7\u00f5es"},"content":{"rendered":"<p><span class=\"padrao\">A Secretaria de Administra&ccedil;&atilde;o (SAD) de Pernambuco publicou o edital para contrata&ccedil;&atilde;o da empresa que ir&aacute; oferecer ao governo do estado servi&ccedil;os integrados de telefonia fixa e m&oacute;vel, videoconfer&ecirc;ncia e acesso &agrave; internet, denominado Rede PE-Conectado. A licita&ccedil;&atilde;o, na modalidade presencial, est&aacute; marcada para o dia 14 de janeiro de 2011, e ser&aacute; pelo menor pre&ccedil;o.<\/p>\n<p>A estimativa &eacute; que o valor do contrato seja de, no m&aacute;ximo, R$ 273 milh&otilde;es com vig&ecirc;ncia de quatro anos. O atual contrato da PE-Multidigital &eacute; da ordem de R$ 145 milh&otilde;es, por quatro anos, mas o novo, que traz o conceito de um estado conectado, aumenta em 85% os servi&ccedil;os de telecomunica&ccedil;&otilde;es, em rela&ccedil;&atilde;o aos atuais servi&ccedil;os.<\/p>\n<p>Atualmente, existem dois contratos: um com a Claro para o servi&ccedil;o m&oacute;vel; e o outro que prov&ecirc; servi&ccedil;os de telecomunica&ccedil;&otilde;es integrando dados, voz e v&iacute;deoconfer&ecirc;ncia, projeto denominado Rede PE-Multidigital, operacionalizado pelo cons&oacute;rcio formado pela Oi, Siemens e Vectra. &quot;O novo contrato ser&aacute; uma evolu&ccedil;&atilde;o do atual projeto da Rede PE-Multidigital, com amplia&ccedil;&atilde;o e oferta de novos servi&ccedil;os&quot;, informa M&ocirc;nica Bandeira, gerente da Rede PE-Multidigital. A rede atual chega a mais de 300 localidades, cobrindo os 186 munic&iacute;pios do estado, interligados com tr&aacute;fego de voz, dados e imagem.<\/p>\n<p>Inova&ccedil;&otilde;es<\/p>\n<p>Entre as inova&ccedil;&otilde;es do edital para a nova rede est&atilde;o a integra&ccedil;&atilde;o da telefonia m&oacute;vel que passar&aacute; a ser intragrupo (sem custo de tarifa&ccedil;&atilde;o) junto com a telefonia fixa; a padroniza&ccedil;&atilde;o do servi&ccedil;o 0800 (era avulso) e a inclus&atilde;o de novas modalidades de videoconfer&ecirc;ncias, al&eacute;m de novos servi&ccedil;os como servidor de fax, monitoramento setorial e rede local sem-fio fechada (tipo redes Wi-Fi) e rede local sem-fio aberta (tipo redes externas WiMAX). A capacidade da internet e da seguran&ccedil;a da rede tamb&eacute;m ser&atilde;o expandidas e a quantidade de telefones fixos e m&oacute;veis ampliada. Algumas dessas inova&ccedil;&otilde;es devem gerar redu&ccedil;&atilde;o de custos para o governo, prev&ecirc; M&ocirc;nica. &ldquo;A economia j&aacute; alcan&ccedil;ada com o tr&aacute;fego intragrupo, na ordem de R$ 15 milh&otilde;es, e agora com a integra&ccedil;&atilde;o do tr&aacute;fego fixo e m&oacute;vel, e 0800 (estimado em R$ 12 milh&otilde;es) consolidar&aacute; esse modelo de aquisi&ccedil;&atilde;o de uma solu&ccedil;&atilde;o convergente de telem&aacute;tica em todo o estado&rdquo;, ressalta M&ocirc;nica.<\/p>\n<p>Servi&ccedil;o m&oacute;vel<\/p>\n<p>De acordo com M&ocirc;nica, outro ponto relevante da Rede PE-Conectado &eacute; a amplia&ccedil;&atilde;o da oferta do servi&ccedil;o de telefonia m&oacute;vel para os munic&iacute;pios pernambucanos. Hoje, a Claro cobre cerca de 100, dos 186 munic&iacute;pios do estado e, em muitas das localidades n&atilde;o atendidas h&aacute; polos produtivos que precisam ter cobertura. &quot;Por isso, estabelecemos no edital que a empresa que vencer ter&aacute; que cobrir os munic&iacute;pios indicados&quot;, diz M&ocirc;nica (a rela&ccedil;&atilde;o dessas cidades est&aacute; no edital de licita&ccedil;&atilde;o). Ao final dos quatro anos, a meta &eacute; ter 46 munic&iacute;pios cobertos com banda larga na tecnologias 3G e 155 com banda larga na 2G.<\/p>\n<p>O governo espera, tamb&eacute;m, melhorar os servi&ccedil;os fixos com a nova rede. &ldquo;Qualitativamente, estima-se uma amplia&ccedil;&atilde;o em mais de 200% em velocidade de links banda larga indo at&eacute; 40 Mbps (atualmente a velocidade m&aacute;xima &eacute; de 10 Mbps)&quot;, destaca M&ocirc;nica. Al&eacute;m de todos os &oacute;rg&atilde;os e entidades da administra&ccedil;&atilde;o direta e indireta, tamb&eacute;m ser&atilde;o usu&aacute;rios dos servi&ccedil;os da Rede PE-Conectado outros poderes como Judici&aacute;rio e Legislativo, o Minist&eacute;rio P&uacute;blico Estadual e Tribunal de Contas do Estado. A nova rede ter&aacute; uma abrang&ecirc;ncia maior de servi&ccedil;os na capital, em todos os munic&iacute;pios do estado, arquip&eacute;lago de Fernando de Noronha e em capitais como S&atilde;o Paulo e Bras&iacute;lia e ainda com fronteiras territoriais de estados vizinhos como Alagoas, Bahia, Cear&aacute; e Para&iacute;ba.<\/span><\/p>\n","protected":false},"excerpt":{"rendered":"<p>A Secretaria de Administra&ccedil;&atilde;o (SAD) de Pernambuco publicou o edital para contrata&ccedil;&atilde;o da empresa que ir&aacute; oferecer ao governo do estado servi&ccedil;os integrados de telefonia fixa e m&oacute;vel, videoconfer&ecirc;ncia e acesso &agrave; internet, denominado Rede PE-Conectado. A licita&ccedil;&atilde;o, na modalidade presencial, est&aacute; marcada para o dia 14 de janeiro de 2011, e ser&aacute; pelo menor &hellip; <a href=\"https:\/\/obscom.intervozes.org.br\/?p=25157\" class=\"more-link\">Continue lendo <span class=\"screen-reader-text\">Pernambuco vai licitar servi\u00e7os integrados de telecomunica\u00e7\u00f5es<\/span> <span class=\"meta-nav\">&rarr;<\/span><\/a><\/p>\n","protected":false},"author":1,"featured_media":0,"comment_status":"open","ping_status":"open","sticky":false,"template":"","format":"standard","meta":{"footnotes":""},"categories":[40],"tags":[188],"_links":{"self":[{"href":"https:\/\/obscom.intervozes.org.br\/index.php?rest_route=\/wp\/v2\/posts\/25157"}],"collection":[{"href":"https:\/\/obscom.intervozes.org.br\/index.php?rest_route=\/wp\/v2\/posts"}],"about":[{"href":"https:\/\/obscom.intervozes.org.br\/index.php?rest_route=\/wp\/v2\/types\/post"}],"author":[{"embeddable":true,"href":"https:\/\/obscom.intervozes.org.br\/index.php?rest_route=\/wp\/v2\/users\/1"}],"replies":[{"embeddable":true,"href":"https:\/\/obscom.intervozes.org.br\/index.php?rest_route=%2Fwp%2Fv2%2Fcomments&post=25157"}],"version-history":[{"count":0,"href":"https:\/\/obscom.intervozes.org.br\/index.php?rest_route=\/wp\/v2\/posts\/25157\/revisions"}],"wp:attachment":[{"href":"https:\/\/obscom.intervozes.org.br\/index.php?rest_route=%2Fwp%2Fv2%2Fmedia&parent=25157"}],"wp:term":[{"taxonomy":"category","embeddable":true,"href":"https:\/\/obscom.intervozes.org.br\/index.php?rest_route=%2Fwp%2Fv2%2Fcategories&post=25157"},{"taxonomy":"post_tag","embeddable":true,"href":"https:\/\/obscom.intervozes.org.br\/index.php?rest_route=%2Fwp%2Fv2%2Ftags&post=25157"}],"curies":[{"name":"wp","href":"https:\/\/api.w.org\/{rel}","templated":true}]}}