{"id":25155,"date":"2010-12-08T16:21:00","date_gmt":"2010-12-08T16:21:00","guid":{"rendered":"https:\/\/obscom.intervozes.org.br\/wordpress\/?p=25155"},"modified":"2010-12-08T16:21:00","modified_gmt":"2010-12-08T16:21:00","slug":"presidente-da-ebc-toda-religiao-deve-ter-expressao-na-tv-publica","status":"publish","type":"post","link":"https:\/\/obscom.intervozes.org.br\/?p=25155","title":{"rendered":"Presidente da EBC: toda religi\u00e3o deve ter express\u00e3o na TV p\u00fablica"},"content":{"rendered":"<p><span class=\"padrao\">&quot;&Eacute; uma quest&atilde;o ainda em debate, um debate muito caloroso. H&aacute; posi&ccedil;&otilde;es divergentes. H&aacute; quem diga que o Estado &eacute; laico, ent&atilde;o n&atilde;o deve ter religi&atilde;o. Eu digo: mas a TV n&atilde;o &eacute; do Estado, a TV &eacute; p&uacute;blica, ent&atilde;o, ela &eacute; da sociedade, a sociedade &eacute; diversa. Na minha opini&atilde;o, todas as religi&otilde;es devem ter express&atilde;o na TV p&uacute;blica. Na pr&oacute;xima reuni&atilde;o quando o conselho for retomar o debate, a TV Brasil vai apresentar uma proposta de ampliar o papel das religi&otilde;es,&quot; disse Cruvinel.<\/span><\/p>\n<p>&nbsp;<\/p>\n<p><span class=\"padrao\">Parte do conselho da EBC participou de uma audi&ecirc;ncia p&uacute;blica em Belo Horizonte, em Minas Gerais, e havia a expectativa de que a medida fosse votada. Os membros, por&eacute;m, optaram por adiar a decis&atilde;o para a pr&oacute;xima reuni&atilde;o, em 15 de fevereiro de 2011.<\/span><\/p>\n<p>&nbsp;<\/p>\n<p><span class=\"padrao\">&quot;Hoje n&oacute;s s&oacute; temos de fato, programas cat&oacute;licos e evang&eacute;licos (&#8230;) Acho que &eacute; mais condizente ter a pluralidade do que proibir tudo&quot;, afirmou a presidente da EBC. &quot;Acho que isso foi uma demonstra&ccedil;&atilde;o de maturidade do conselho de n&atilde;o tomar uma decis&atilde;o que n&atilde;o unifica. Quando as opini&otilde;es est&atilde;o divididas &eacute; sinal de que &eacute; preciso conversar mais&quot;.<\/p>\n<p>Jos&eacute; Eduardo Gon&ccedil;alves, presidente da Rede Minas, ligada ao governo do Estado, disse que, se o conselho decidir pela retirada do ar dos programas religiosos, a emissora estatal acatar&aacute; a decis&atilde;o. &quot;N&atilde;o temos uma programa&ccedil;&atilde;o religiosa. Nossa programa&ccedil;&atilde;o &eacute; laica. S&oacute; que aos domingos pela manh&atilde;, temos uma missa. Essa &eacute; uma tradi&ccedil;&atilde;o&quot; disse. &quot;Tudo que vier determinado para o funcionamento das TVs p&uacute;blicas, n&oacute;s vamos obedecer. (&#8230;) Isso n&atilde;o ter&aacute; nenhum impacto a respeito do faturamento da grade. N&oacute;s n&atilde;o fazemos aluguel do nosso espa&ccedil;o para programas religiosos&quot;.<\/p>\n<p>Regulamenta&ccedil;&atilde;o da m&iacute;dia<\/p>\n<p>Tereza Cruvinel afirmou ainda que o governo federal pretende criar uma ag&ecirc;ncia reguladora do setor de telecomunica&ccedil;&atilde;o e radiodifus&atilde;o, mas que o projeto ainda est&aacute; em fase de estudos e por isso n&atilde;o &quot;existe uma vers&atilde;o definitiva.&quot;<\/p>\n<p>&quot;Se n&oacute;s estamos discutindo uma regula&ccedil;&atilde;o, tem que ter um &oacute;rg&atilde;o para faz&ecirc;-la&quot;, afirmou. &quot;A regula&ccedil;&atilde;o existe em todas as democracias, como ficou claro no semin&aacute;rio de m&iacute;dia que aconteceu em Bras&iacute;lia h&aacute; tr&ecirc;s semanas com representes de v&aacute;rios pa&iacute;ses&quot;.<\/p>\n<p>Cruvinel disse que a EBC participa da elabora&ccedil;&atilde;o do projeto que criaria a ag&ecirc;ncia reguladora, mas que o documento ainda depende de aperfei&ccedil;oamento. &quot;Eu n&atilde;o conhe&ccedil;o o anteprojeto. Eu acho que, como jornalista, precisamos de regula&ccedil;&atilde;o. A liberdade de imprensa &eacute; um direito sagrado de todos, mas existem outros direitos que tamb&eacute;m precisam ser preservados&quot;.<\/span><\/p>\n","protected":false},"excerpt":{"rendered":"<p>&quot;&Eacute; uma quest&atilde;o ainda em debate, um debate muito caloroso. H&aacute; posi&ccedil;&otilde;es divergentes. H&aacute; quem diga que o Estado &eacute; laico, ent&atilde;o n&atilde;o deve ter religi&atilde;o. Eu digo: mas a TV n&atilde;o &eacute; do Estado, a TV &eacute; p&uacute;blica, ent&atilde;o, ela &eacute; da sociedade, a sociedade &eacute; diversa. Na minha opini&atilde;o, todas as religi&otilde;es devem &hellip; <a href=\"https:\/\/obscom.intervozes.org.br\/?p=25155\" class=\"more-link\">Continue lendo <span class=\"screen-reader-text\">Presidente da EBC: toda religi\u00e3o deve ter express\u00e3o na TV p\u00fablica<\/span> <span class=\"meta-nav\">&rarr;<\/span><\/a><\/p>\n","protected":false},"author":1,"featured_media":0,"comment_status":"open","ping_status":"open","sticky":false,"template":"","format":"standard","meta":{"footnotes":""},"categories":[40],"tags":[294],"_links":{"self":[{"href":"https:\/\/obscom.intervozes.org.br\/index.php?rest_route=\/wp\/v2\/posts\/25155"}],"collection":[{"href":"https:\/\/obscom.intervozes.org.br\/index.php?rest_route=\/wp\/v2\/posts"}],"about":[{"href":"https:\/\/obscom.intervozes.org.br\/index.php?rest_route=\/wp\/v2\/types\/post"}],"author":[{"embeddable":true,"href":"https:\/\/obscom.intervozes.org.br\/index.php?rest_route=\/wp\/v2\/users\/1"}],"replies":[{"embeddable":true,"href":"https:\/\/obscom.intervozes.org.br\/index.php?rest_route=%2Fwp%2Fv2%2Fcomments&post=25155"}],"version-history":[{"count":0,"href":"https:\/\/obscom.intervozes.org.br\/index.php?rest_route=\/wp\/v2\/posts\/25155\/revisions"}],"wp:attachment":[{"href":"https:\/\/obscom.intervozes.org.br\/index.php?rest_route=%2Fwp%2Fv2%2Fmedia&parent=25155"}],"wp:term":[{"taxonomy":"category","embeddable":true,"href":"https:\/\/obscom.intervozes.org.br\/index.php?rest_route=%2Fwp%2Fv2%2Fcategories&post=25155"},{"taxonomy":"post_tag","embeddable":true,"href":"https:\/\/obscom.intervozes.org.br\/index.php?rest_route=%2Fwp%2Fv2%2Ftags&post=25155"}],"curies":[{"name":"wp","href":"https:\/\/api.w.org\/{rel}","templated":true}]}}