{"id":25153,"date":"2010-12-07T11:53:51","date_gmt":"2010-12-07T11:53:51","guid":{"rendered":"https:\/\/obscom.intervozes.org.br\/wordpress\/?p=25153"},"modified":"2010-12-07T11:53:51","modified_gmt":"2010-12-07T11:53:51","slug":"audiencia-publica-debate-conselho-de-comunicacao-no-rio","status":"publish","type":"post","link":"https:\/\/obscom.intervozes.org.br\/?p=25153","title":{"rendered":"Audi\u00eancia p\u00fablica debate Conselho de Comunica\u00e7\u00e3o no Rio"},"content":{"rendered":"\n<p style=\"margin-bottom: 0cm\"><span class=\"padrao\">Assim como em diversas regi&otilde;es do Brasil, o debate sobre a import&acirc;ncia de ter um &oacute;rg&atilde;o para acompanhar e propor pol&iacute;ticas p&uacute;blicas de comunica&ccedil;&atilde;o tamb&eacute;m chegou ao estado do Rio de Janeiro. Diversas entidades compareceram nessa segunda-feira, dia 06, &agrave; audi&ecirc;ncia p&uacute;blica que teve como finalidade a discuss&atilde;o sobre a implementa&ccedil;&atilde;o do conselho de comunica&ccedil;&atilde;o.<\/p>\n<p><\/span> <\/p>\n<p style=\"margin-bottom: 0cm\" class=\"padrao\">Convocada pelo deputado Paulo Ramos (PDT), o evento debateu o projeto de lei 3323\/10 que cria o &oacute;rg&atilde;o intitulado Conselho Estadual de Comunica&ccedil;&atilde;o Social do Estado do Rio de Janeiro (CECS-RJ), cumprindo assim uma das resolu&ccedil;&otilde;es da I Confer&ecirc;ncia Nacional de Comunica&ccedil;&atilde;o.<br \/>&nbsp;<\/p>\n<p style=\"margin-bottom: 0cm\" class=\"padrao\">Para o parlamentar, a aprova&ccedil;&atilde;o dessa lei &eacute; fundamental para a constru&ccedil;&atilde;o de uma sociedade democr&aacute;tica e ter um &oacute;rg&atilde;o que acompanhe a comunica&ccedil;&atilde;o no pa&iacute;s &eacute; necess&aacute;rio. &ldquo;Em v&aacute;rios pa&iacute;ses da Europa e nos Estados Unidos j&aacute; existem &oacute;rg&atilde;os dessa natureza. Para ter um pa&iacute;s democr&aacute;tico precisamos tamb&eacute;m democratizar os meios de comunica&ccedil;&atilde;o e n&atilde;o deixar que eles continuem nas m&atilde;os de uma pequena parte da sociedade que possui o poder econ&ocirc;mico&rdquo;, afirmou o deputado.<br \/>&nbsp;<\/p>\n<p style=\"margin-bottom: 0cm\"><span class=\"padrao\">A import&acirc;ncia do projeto ainda foi refor&ccedil;ado pelo procurador do estado Christiano Taveira, que ratificou a constitucionalidade do projeto. &ldquo;Mas que constitucional, esse projeto vem para atender uma necessidade social&rdquo;, confirmou o jurista.<\/p>\n<p><\/span> <\/p>\n<p style=\"margin-bottom: 0cm\" class=\"padrao\">&ldquo;&Eacute; incompreens&iacute;vel a cr&iacute;tica de alguns setores que s&atilde;o contra os conselhos, alegando inconstitucionalidade, e n&atilde;o fazem esfor&ccedil;o algum para garantir outros artigos da constitui&ccedil;&atilde;o que falam sobre a regionaliza&ccedil;&atilde;o da produ&ccedil;&atilde;o, respeito aos valores &eacute;ticos e sociais da pessoa e da fam&iacute;lia, dentre outros&rdquo;, completou.<br \/>&nbsp;<\/p>\n<p style=\"margin-bottom: 0cm\" class=\"padrao\">Ao fim do evento, ficou encaminhado a forma&ccedil;&atilde;o de um Grupo de Trabalho (GT), que iniciar&aacute; suas atividades em janeiro, e ter&aacute; como fun&ccedil;&atilde;o auxiliar o parlamento na implementa&ccedil;&atilde;o dessa lei. <br \/>&nbsp;<\/p>\n<p style=\"margin-bottom: 0cm\" class=\"padrao\"><strong>Conhecendo a lei<\/strong><br \/>&nbsp;<\/p>\n<p style=\"margin-bottom: 0cm\" class=\"padrao\">Pelo projeto, a forma&ccedil;&atilde;o desse conselho ser&aacute; de maneira tripartite, sendo oito vagas para produtores e difusores (empres&aacute;rios), seis para o poder p&uacute;blico e dez vagas para sociedade civil (trabalhadores e consumidores).<br \/>&nbsp;<\/p>\n<p style=\"margin-bottom: 0cm\" class=\"padrao\">Dentre seus v&aacute;rios artigos, a lei d&aacute; ao &oacute;rg&atilde;o responsabilidades como: participar da elabora&ccedil;&atilde;o de pol&iacute;ticas p&uacute;blicas para o setor; aprovar par&acirc;metros normativos que estipulem a melhor distribui&ccedil;&atilde;o das verbas publicit&aacute;rias do Estado com base em crit&eacute;rios que garantam a diversidade e pluralidade, n&atilde;o enfatizando apenas a audi&ecirc;ncia e evitando a concentra&ccedil;&atilde;o de mercado; monitorar, receber den&uacute;ncias e encaminhar parecer aos &oacute;rg&atilde;os competentes sobre abusos e viola&ccedil;&otilde;es de direitos humanos nos ve&iacute;culos de comunica&ccedil;&atilde;o no Estado do Rio de Janeiro; implementar pol&iacute;ticas de capacita&ccedil;&atilde;o dos cidad&atilde;os para leitura cr&iacute;tica dos meios de comunica&ccedil;&atilde;o, nas suas diversas modalidades e para o debate da est&eacute;tica, dos conte&uacute;dos, da linguagem e das t&eacute;cnicas empregadas na produ&ccedil;&atilde;o das mensagens midi&aacute;ticas; dentre outras importantes fun&ccedil;&otilde;es.<br \/>&nbsp;<\/p>\n<p style=\"margin-bottom: 0cm\" class=\"padrao\">Al&eacute;m disso, o projeto ainda d&aacute; ao conselho a fun&ccedil;&atilde;o de acompanhar o cumprimento da legisla&ccedil;&atilde;o de radiodifus&atilde;o, al&eacute;m de fiscalizar a execu&ccedil;&atilde;o do cap&iacute;tulo V da Constitui&ccedil;&atilde;o Federal, que &eacute; sumariamente ignorada pelas corpora&ccedil;&otilde;es de m&iacute;dia no Brasil.<br \/>&nbsp;<\/p>\n<p style=\"margin-bottom: 0cm\" class=\"padrao\">O evento teve a participa&ccedil;&atilde;o das entidades: Associa&ccedil;&atilde;o Brasileira de Imprensa (ABI), Coletivo Brasil de Comunica&ccedil;&atilde;o (Intervozes), Federa&ccedil;&atilde;o Nacional de Professores de Jornalismo (FNPJ), Associa&ccedil;&atilde;o dos Diretores de Jornal do Interior do Estado, Sindicato dos Jornalistas do Estado, Sindicato dos Jornalistas do Munic&iacute;pio do Rio, Comunicativistas, Sindicato dos Petroleiros (Sindipetro), Associa&ccedil;&atilde;o Brasileira de R&aacute;dios Comunit&aacute;rias (Abra&ccedil;o), al&eacute;m de entidades ligadas ao movimento estudantil.<br \/>&nbsp;<\/p>\n<p style=\"margin-bottom: 0cm\" class=\"padrao\"><strong>Outros projetos<\/strong><br \/>&nbsp;<\/p>\n<p style=\"margin-bottom: 0cm\" class=\"padrao\">N&atilde;o &eacute; a primeira vez que o debate sobre a cria&ccedil;&atilde;o do conselho vem &agrave; tona no estado. No ano de 2006, o deputado estadual Carlos Minc (PT) aprovou a lei 4.849\/06 que cria o &oacute;rg&atilde;o, por&eacute;m todos os demais artigos foram vetados pela ent&atilde;o governadora Rosinha Garotinho. Na pr&aacute;tica, essa lei, publicada em 25 de setembro de 2006, cria o conselho, mas n&atilde;o lhe atribui nenhuma fun&ccedil;&atilde;o. O &oacute;rg&atilde;o n&atilde;o foi instalado at&eacute; hoje.<\/p>\n","protected":false},"excerpt":{"rendered":"<p>Projeto de Lei do deputado Paulo  Ramos (PDT) foi discutido ontem na Assembleia Legislativa do Estado a partir de resolu&ccedil;&atilde;o da I Confecom<\/p>\n","protected":false},"author":1,"featured_media":0,"comment_status":"open","ping_status":"open","sticky":false,"template":"","format":"standard","meta":{"footnotes":""},"categories":[40],"tags":[639],"_links":{"self":[{"href":"https:\/\/obscom.intervozes.org.br\/index.php?rest_route=\/wp\/v2\/posts\/25153"}],"collection":[{"href":"https:\/\/obscom.intervozes.org.br\/index.php?rest_route=\/wp\/v2\/posts"}],"about":[{"href":"https:\/\/obscom.intervozes.org.br\/index.php?rest_route=\/wp\/v2\/types\/post"}],"author":[{"embeddable":true,"href":"https:\/\/obscom.intervozes.org.br\/index.php?rest_route=\/wp\/v2\/users\/1"}],"replies":[{"embeddable":true,"href":"https:\/\/obscom.intervozes.org.br\/index.php?rest_route=%2Fwp%2Fv2%2Fcomments&post=25153"}],"version-history":[{"count":0,"href":"https:\/\/obscom.intervozes.org.br\/index.php?rest_route=\/wp\/v2\/posts\/25153\/revisions"}],"wp:attachment":[{"href":"https:\/\/obscom.intervozes.org.br\/index.php?rest_route=%2Fwp%2Fv2%2Fmedia&parent=25153"}],"wp:term":[{"taxonomy":"category","embeddable":true,"href":"https:\/\/obscom.intervozes.org.br\/index.php?rest_route=%2Fwp%2Fv2%2Fcategories&post=25153"},{"taxonomy":"post_tag","embeddable":true,"href":"https:\/\/obscom.intervozes.org.br\/index.php?rest_route=%2Fwp%2Fv2%2Ftags&post=25153"}],"curies":[{"name":"wp","href":"https:\/\/api.w.org\/{rel}","templated":true}]}}