{"id":25152,"date":"2010-12-07T11:33:45","date_gmt":"2010-12-07T11:33:45","guid":{"rendered":"https:\/\/obscom.intervozes.org.br\/wordpress\/?p=25152"},"modified":"2010-12-07T11:33:45","modified_gmt":"2010-12-07T11:33:45","slug":"audiencia-publica-discute-criacao-de-conselho-de-comunicacao","status":"publish","type":"post","link":"https:\/\/obscom.intervozes.org.br\/?p=25152","title":{"rendered":"Audi\u00eancia P\u00fablica discute cria\u00e7\u00e3o de Conselho de Comunica\u00e7\u00e3o"},"content":{"rendered":"<p>O  projeto &eacute; do deputado Paulo Ramos (PDT) que ressalta a import&acirc;ncia de   criar uma regulamenta&ccedil;&atilde;o para o setor. Ele citou a exist&ecirc;ncia de  conselhos e ag&ecirc;ncias reguladoras para comunica&ccedil;&atilde;o em diversos pa&iacute;ses  europeus. Tamb&eacute;m destacou a necessidade de ampla participa&ccedil;&atilde;o da  sociedade civil no debate.<\/p>\n<p>&nbsp;<\/p>\n<p>A cria&ccedil;&atilde;o do Conselho foi defendida  pelo procurador Cristiano Taveira, que &eacute; doutor em Direito  Constitucional pela Universidade do Estado do Rio deJaneiro e fez um  estudo, em sua tese de doutorado, sobre a necessidade da regulamenta&ccedil;&atilde;o  da comunica&ccedil;&atilde;o no Brasil.<\/p>\n<p>&nbsp;<\/p>\n<p>Ele considera o projeto constitucional e  necess&aacute;rio para garantir a liberdade de express&atilde;o no pa&iacute;s. Cristiano  explica que v&aacute;rias determina&ccedil;&otilde;es da Constitui&ccedil;&atilde;o n&atilde;o s&atilde;o cumpridas  devido a falta de regula&ccedil;&atilde;o. Essas determina&ccedil;&otilde;es garantiriam a  pluralidade na m&iacute;dia al&eacute;m de impedir o monop&oacute;lio dos meios de  comunica&ccedil;&atilde;o.<\/p>\n<p>&nbsp;<\/p>\n<p>A audi&ecirc;ncia contou com a presen&ccedil;a de representantes  da Associa&ccedil;&atilde;o Brasileira de Imprensa (ABI); de emissoras de TV  comunit&aacute;rias do Estado; do Coletivo Brasil de Comunica&ccedil;&atilde;o (Intervozes);  do Sindicato dos Petroleiros (Sindipetro) e da Associa&ccedil;&atilde;o Brasileira de  R&aacute;dios Comunit&aacute;rias (Abra&ccedil;o), que declararam apoio ao projeto. (pulsar)<\/p>\n<p>&nbsp;<\/p>\n","protected":false},"excerpt":{"rendered":"<p>O projeto &eacute; do deputado Paulo Ramos (PDT) que ressalta a import&acirc;ncia de criar uma regulamenta&ccedil;&atilde;o para o setor. Ele citou a exist&ecirc;ncia de conselhos e ag&ecirc;ncias reguladoras para comunica&ccedil;&atilde;o em diversos pa&iacute;ses europeus. Tamb&eacute;m destacou a necessidade de ampla participa&ccedil;&atilde;o da sociedade civil no debate. &nbsp; A cria&ccedil;&atilde;o do Conselho foi defendida pelo procurador &hellip; <a href=\"https:\/\/obscom.intervozes.org.br\/?p=25152\" class=\"more-link\">Continue lendo <span class=\"screen-reader-text\">Audi\u00eancia P\u00fablica discute cria\u00e7\u00e3o de Conselho de Comunica\u00e7\u00e3o<\/span> <span class=\"meta-nav\">&rarr;<\/span><\/a><\/p>\n","protected":false},"author":1,"featured_media":0,"comment_status":"open","ping_status":"open","sticky":false,"template":"","format":"standard","meta":{"footnotes":""},"categories":[40],"tags":[344],"_links":{"self":[{"href":"https:\/\/obscom.intervozes.org.br\/index.php?rest_route=\/wp\/v2\/posts\/25152"}],"collection":[{"href":"https:\/\/obscom.intervozes.org.br\/index.php?rest_route=\/wp\/v2\/posts"}],"about":[{"href":"https:\/\/obscom.intervozes.org.br\/index.php?rest_route=\/wp\/v2\/types\/post"}],"author":[{"embeddable":true,"href":"https:\/\/obscom.intervozes.org.br\/index.php?rest_route=\/wp\/v2\/users\/1"}],"replies":[{"embeddable":true,"href":"https:\/\/obscom.intervozes.org.br\/index.php?rest_route=%2Fwp%2Fv2%2Fcomments&post=25152"}],"version-history":[{"count":0,"href":"https:\/\/obscom.intervozes.org.br\/index.php?rest_route=\/wp\/v2\/posts\/25152\/revisions"}],"wp:attachment":[{"href":"https:\/\/obscom.intervozes.org.br\/index.php?rest_route=%2Fwp%2Fv2%2Fmedia&parent=25152"}],"wp:term":[{"taxonomy":"category","embeddable":true,"href":"https:\/\/obscom.intervozes.org.br\/index.php?rest_route=%2Fwp%2Fv2%2Fcategories&post=25152"},{"taxonomy":"post_tag","embeddable":true,"href":"https:\/\/obscom.intervozes.org.br\/index.php?rest_route=%2Fwp%2Fv2%2Ftags&post=25152"}],"curies":[{"name":"wp","href":"https:\/\/api.w.org\/{rel}","templated":true}]}}