{"id":25150,"date":"2010-12-06T15:44:16","date_gmt":"2010-12-06T15:44:16","guid":{"rendered":"https:\/\/obscom.intervozes.org.br\/wordpress\/?p=25150"},"modified":"2010-12-06T15:44:16","modified_gmt":"2010-12-06T15:44:16","slug":"regulamentacao-da-comunicacao-e-tema-mais-debatido-na-conferencia-de-desenvolvimento","status":"publish","type":"post","link":"https:\/\/obscom.intervozes.org.br\/?p=25150","title":{"rendered":"Regulamenta\u00e7\u00e3o da Comunica\u00e7\u00e3o \u00e9 tema mais debatido na Confer\u00eancia de Desenvolvimento"},"content":{"rendered":"<p><span class=\"padrao\">O gramado central da Esplanada dos Minist&eacute;rios foi palco da Confer&ecirc;ncia do Desenvolvimento, promovida pelo Instituto de Pesquisa Econ&ocirc;mica Aplicada (Ipea), entre os dias 24 e 26 de novembro. O evento realizou oito atividades nas mais diversas &aacute;reas estrat&eacute;gicas para a Comunica&ccedil;&atilde;o Social, que contaram com nomes renomados de pesquisadores, profissionais e organiza&ccedil;&otilde;es da sociedade civil.<\/span><\/p>\n<p>&nbsp;<\/p>\n<p><span class=\"padrao\">&ldquo;O Ipea fez uma parceria com o Socicom (Federa&ccedil;&atilde;o Nacional das Associa&ccedil;&otilde;es de Comunica&ccedil;&atilde;o) para levantar dados sobre a situa&ccedil;&atilde;o da &aacute;rea no Brasil&rdquo;, diz Daniel Castro, assessor chefe de Comunica&ccedil;&atilde;o do Ipea. As atividades que aconteceram foram, em parte, resultado desse esfor&ccedil;o em contribuir para a discuss&atilde;o no Brasil. Ainda segundo Castro, o Ipea lan&ccedil;ar&aacute; um documento com contribui&ccedil;&otilde;es mais aprofundadas sobre o setor na semana que vem.<\/span><\/p>\n<p>&nbsp;<\/p>\n<p><span class=\"padrao\">O tema mais debatido nas oficinas referentes &agrave; comunica&ccedil;&atilde;o foi a necessidade de se regulamentar o setor no Brasil. Como disse o professor doutor Jos&eacute; Marques de Melo, na mesa de Comunica&ccedil;&atilde;o e Regulamenta&ccedil;&atilde;o, &ldquo;a regula&ccedil;&atilde;o da comunica&ccedil;&atilde;o no Brasil vem sendo empurrada com a barriga desde 88&rdquo;, referindo-se &agrave; discuss&atilde;o que gerou os cap&iacute;tulos da comunica&ccedil;&atilde;o na Constitui&ccedil;&atilde;o Federal. Alberto Almeida, diretor na Telesur, tamb&eacute;m ressaltou que &ldquo;o deficit cultural da comunica&ccedil;&atilde;o que temos para com o povo brasileiro &eacute; enorme&rdquo;.<\/span><\/p>\n<p>&nbsp;<\/p>\n<p><span class=\"padrao\">Membro do Intervozes, Jonas Valente, fez cr&iacute;ticas &agrave; omiss&atilde;o do Estado no que se refere &agrave; cria&ccedil;&atilde;o do marco legal das comunica&ccedil;&otilde;es no Brasil. &ldquo;O Estado &eacute; uma arena de disputa, mas que historicamente n&atilde;o tem se mostrado neutra&rdquo;, diz ele, se referindo &agrave; domina&ccedil;&atilde;o da m&aacute;quina p&uacute;blica por empres&aacute;rios. Valente ainda aponta para a necessidade dos movimentos sociais em se organizarem: &ldquo;Vai haver, futuramente, um jogo muito duro entre empres&aacute;rios e sociedade civil. Precisamos apresentar o nosso projeto de comunica&ccedil;&atilde;o para o Brasil&rdquo;.<\/span><\/p>\n<p>&nbsp;<\/p>\n<p><span class=\"padrao\">O diretor da Ag&ecirc;ncia Carta Maior, Joaquim Palhares, tamb&eacute;m aposta no protagonismo da sociedade civil. &ldquo;N&oacute;s &eacute; que devemos exigir a regulamenta&ccedil;&atilde;o dos artigos 220, 221, 222, e por a&iacute; vai&rdquo;, afirma. Para ele, o estado brasileiro &eacute; quem sustenta as grandes redes de radiodifus&atilde;o, principalmente com publicidade estatal. Na mesa Comunica&ccedil;&atilde;o e Democracia, Palhares ainda cobrou: &ldquo;Espero que a presidente Dilma encaminhe, nos seus primeiros seis meses de governo, as propostas aprovadas na 1&ordf; Confer&ecirc;ncia Nacional de Comunica&ccedil;&atilde;o&rdquo;.<\/span><\/p>\n<p>&nbsp;<\/p>\n<p><span class=\"padrao\">Como tamb&eacute;m est&aacute; em alta, a liberdade de express&atilde;o foi discutida na mesa &ldquo;Pluralismo e Liberdade de Express&atilde;o na Am&eacute;rica Latina&rdquo;. Segundo Guilherme Canela, coordenador da &aacute;rea de Comunica&ccedil;&atilde;o e Informa&ccedil;&atilde;o do Escrit&oacute;rio da Unesco no Brasil, a liberdade de express&atilde;o deve ser usada para a regula&ccedil;&atilde;o da comunica&ccedil;&atilde;o. &ldquo;A Suprema Corte acertou em derrubar a lei de imprensa, mas errou ao deixar um v&aacute;cuo no lugar&rdquo;. O pesquisador e professor de Comunica&ccedil;&atilde;o da Universidade Federal de Sergipe C&eacute;sar Bola&ntilde;o completa: &ldquo;O debate da liberdade de express&atilde;o deve ser abordado a partir da perspectiva do direto &agrave; comunica&ccedil;&atilde;o.&rdquo;<\/span><\/p>\n<p>&nbsp;<\/p>\n<p><span class=\"padrao\">Diversos convidados tamb&eacute;m ressaltaram a necessidade de se refletir a educa&ccedil;&atilde;o para a m&iacute;dia, assim como seu reflexo nas pesquisas sobre comunica&ccedil;&atilde;o. Na mesa sobre &ldquo;Avan&ccedil;os da Pesquisa em Comunica&ccedil;&atilde;o no Brasil&rdquo;, o professor Jos&eacute; Marques de Melo criticou a perspectiva acad&ecirc;mica sobre a comunica&ccedil;&atilde;o. &ldquo;Precisamos de uma pesquisa genuinamente brasileira. Hoje n&oacute;s apenas copiamos os modelos da Inglaterra, Estados Unidos e Austr&aacute;lia&rdquo;, apontou. J&aacute; o pesquisador C&eacute;sar Bola&ntilde;o ressaltou a import&acirc;ncia de retomar o car&aacute;ter cr&iacute;tico do pensamento comunicacional.<\/span><\/p>\n","protected":false},"excerpt":{"rendered":"<p>Encontro promovido pelo Ipea reuniu <span class=\"padrao\">sociedade civil e governo em torno de temas espec&iacute;ficos do seto<\/span><span class=\"padrao\">r<br \/><\/span><\/p>\n","protected":false},"author":1,"featured_media":0,"comment_status":"open","ping_status":"open","sticky":false,"template":"","format":"standard","meta":{"footnotes":""},"categories":[40],"tags":[866],"_links":{"self":[{"href":"https:\/\/obscom.intervozes.org.br\/index.php?rest_route=\/wp\/v2\/posts\/25150"}],"collection":[{"href":"https:\/\/obscom.intervozes.org.br\/index.php?rest_route=\/wp\/v2\/posts"}],"about":[{"href":"https:\/\/obscom.intervozes.org.br\/index.php?rest_route=\/wp\/v2\/types\/post"}],"author":[{"embeddable":true,"href":"https:\/\/obscom.intervozes.org.br\/index.php?rest_route=\/wp\/v2\/users\/1"}],"replies":[{"embeddable":true,"href":"https:\/\/obscom.intervozes.org.br\/index.php?rest_route=%2Fwp%2Fv2%2Fcomments&post=25150"}],"version-history":[{"count":0,"href":"https:\/\/obscom.intervozes.org.br\/index.php?rest_route=\/wp\/v2\/posts\/25150\/revisions"}],"wp:attachment":[{"href":"https:\/\/obscom.intervozes.org.br\/index.php?rest_route=%2Fwp%2Fv2%2Fmedia&parent=25150"}],"wp:term":[{"taxonomy":"category","embeddable":true,"href":"https:\/\/obscom.intervozes.org.br\/index.php?rest_route=%2Fwp%2Fv2%2Fcategories&post=25150"},{"taxonomy":"post_tag","embeddable":true,"href":"https:\/\/obscom.intervozes.org.br\/index.php?rest_route=%2Fwp%2Fv2%2Ftags&post=25150"}],"curies":[{"name":"wp","href":"https:\/\/api.w.org\/{rel}","templated":true}]}}