{"id":25148,"date":"2010-12-06T15:31:03","date_gmt":"2010-12-06T15:31:03","guid":{"rendered":"https:\/\/obscom.intervozes.org.br\/wordpress\/?p=25148"},"modified":"2010-12-06T15:31:03","modified_gmt":"2010-12-06T15:31:03","slug":"tvs-comunitarias-comemoram-suspensao-de-proibicao-de-publicidade","status":"publish","type":"post","link":"https:\/\/obscom.intervozes.org.br\/?p=25148","title":{"rendered":"TVs Comunit\u00e1rias comemoram suspens\u00e3o de proibi\u00e7\u00e3o de publicidade"},"content":{"rendered":"<p class=\"padrao\"><strong>Reda&ccedil;&atilde;o &#8211; Fenaj<\/strong><\/p>\n<p class=\"padrao\"> Ativistas do movimento de canais comunit&aacute;rias comemoraram, na semana  passada, a suspens&atilde;o de um item da Norma 13\/97 da Anatel, que pro&iacute;be a  publicidade nos canais b&aacute;sicos de utiliza&ccedil;&atilde;o gratuita. A Associa&ccedil;&atilde;o dos  Canais Comunit&aacute;rios de S&atilde;o Paulo conseguiu na Justi&ccedil;a o efeito  suspensivo em car&aacute;ter liminar da aplica&ccedil;&atilde;o de tal proibi&ccedil;&atilde;o, mas a  Anatel pode recorrer junto ao Tribunal Regional Federal (TRF) em  Bras&iacute;lia. Por isso o segmento mant&eacute;m-se vigilante. A extin&ccedil;&atilde;o de tal  proibi&ccedil;&atilde;o &eacute; uma das medidas aprovadas na 1&ordf; Confecom.<\/p>\n","protected":false},"excerpt":{"rendered":"<p>Reda&ccedil;&atilde;o &#8211; Fenaj Ativistas do movimento de canais comunit&aacute;rias comemoraram, na semana passada, a suspens&atilde;o de um item da Norma 13\/97 da Anatel, que pro&iacute;be a publicidade nos canais b&aacute;sicos de utiliza&ccedil;&atilde;o gratuita. A Associa&ccedil;&atilde;o dos Canais Comunit&aacute;rios de S&atilde;o Paulo conseguiu na Justi&ccedil;a o efeito suspensivo em car&aacute;ter liminar da aplica&ccedil;&atilde;o de tal proibi&ccedil;&atilde;o, &hellip; <a href=\"https:\/\/obscom.intervozes.org.br\/?p=25148\" class=\"more-link\">Continue lendo <span class=\"screen-reader-text\">TVs Comunit\u00e1rias comemoram suspens\u00e3o de proibi\u00e7\u00e3o de publicidade<\/span> <span class=\"meta-nav\">&rarr;<\/span><\/a><\/p>\n","protected":false},"author":1,"featured_media":0,"comment_status":"open","ping_status":"open","sticky":false,"template":"","format":"standard","meta":{"footnotes":""},"categories":[39],"tags":[],"_links":{"self":[{"href":"https:\/\/obscom.intervozes.org.br\/index.php?rest_route=\/wp\/v2\/posts\/25148"}],"collection":[{"href":"https:\/\/obscom.intervozes.org.br\/index.php?rest_route=\/wp\/v2\/posts"}],"about":[{"href":"https:\/\/obscom.intervozes.org.br\/index.php?rest_route=\/wp\/v2\/types\/post"}],"author":[{"embeddable":true,"href":"https:\/\/obscom.intervozes.org.br\/index.php?rest_route=\/wp\/v2\/users\/1"}],"replies":[{"embeddable":true,"href":"https:\/\/obscom.intervozes.org.br\/index.php?rest_route=%2Fwp%2Fv2%2Fcomments&post=25148"}],"version-history":[{"count":0,"href":"https:\/\/obscom.intervozes.org.br\/index.php?rest_route=\/wp\/v2\/posts\/25148\/revisions"}],"wp:attachment":[{"href":"https:\/\/obscom.intervozes.org.br\/index.php?rest_route=%2Fwp%2Fv2%2Fmedia&parent=25148"}],"wp:term":[{"taxonomy":"category","embeddable":true,"href":"https:\/\/obscom.intervozes.org.br\/index.php?rest_route=%2Fwp%2Fv2%2Fcategories&post=25148"},{"taxonomy":"post_tag","embeddable":true,"href":"https:\/\/obscom.intervozes.org.br\/index.php?rest_route=%2Fwp%2Fv2%2Ftags&post=25148"}],"curies":[{"name":"wp","href":"https:\/\/api.w.org\/{rel}","templated":true}]}}