{"id":25146,"date":"2010-12-06T15:22:25","date_gmt":"2010-12-06T15:22:25","guid":{"rendered":"https:\/\/obscom.intervozes.org.br\/wordpress\/?p=25146"},"modified":"2010-12-06T15:22:25","modified_gmt":"2010-12-06T15:22:25","slug":"abert-nega-monopolio-na-comunicacao-mas-admite-debater-regulacao","status":"publish","type":"post","link":"https:\/\/obscom.intervozes.org.br\/?p=25146","title":{"rendered":"Abert nega monop\u00f3lio na comunica\u00e7\u00e3o, mas admite debater regula\u00e7\u00e3o"},"content":{"rendered":"<p><span class=\"padrao\">O representante das emissoras de r&aacute;dio e TV disse que a Abert est&aacute; disposta a debater a regulamenta&ccedil;&atilde;o da comunica&ccedil;&atilde;o, mas n&atilde;o haver&aacute; qualquer consentimento no que se refira &agrave; restri&ccedil;&atilde;o da liberdade de imprensa. E explica o porqu&ecirc; de terem abandonado as discuss&otilde;es da Confer&ecirc;ncia de Comunica&ccedil;&atilde;o (Confecom), em dezembro de 2009. &ldquo;A Abert se retirou da Confer&ecirc;ncia porque percebeu que seria coadjuvante. Parecia que s&oacute; servia para questionar a organiza&ccedil;&atilde;o da comunica&ccedil;&atilde;o no pa&iacute;s&rdquo;, defende.<\/span><\/p>\n<p>&nbsp;<\/p>\n<p><span class=\"padrao\">Segundo Moura, h&aacute; uma necessidade de atualizar a legisla&ccedil;&atilde;o que rege o setor, principalmente no que envolve a internet. A Abert entende, por tratar-se de &quot;terra sem lei&quot;, ser preciso uma legisla&ccedil;&atilde;o efetiva no controle das empresas, como a obrigatoriedade de n&atilde;o poderem ser controladas por grupos estrangeiros. No entanto, a mudan&ccedil;a n&atilde;o seria para uma forma de regula&ccedil;&atilde;o.<\/span><\/p>\n<p>&nbsp;<\/p>\n<p><span class=\"padrao\">No mesmo discurso, o representante afirma que n&atilde;o v&ecirc; no Brasil a exist&ecirc;ncia de monop&oacute;lios de empresas midi&aacute;ticas. Na opini&atilde;o da Abert, a legisla&ccedil;&atilde;o atual j&aacute; impede rigidamente a forma&ccedil;&atilde;o de grupos que controlam distintos setores da comunica&ccedil;&atilde;o. Ele explica em n&uacute;meros: &quot;Das 8 mil emissoras de r&aacute;dio e TV no Brasil, o n&uacute;mero de propriet&aacute;rios supera os 20 mil. Porque inclusive a maioria das emissoras tem mais de um propriet&aacute;rio&quot;, afirmou Moura.<\/span><\/p>\n<p>&nbsp;<\/p>\n<p><span class=\"padrao\">&quot;A Rede Globo n&atilde;o &eacute; um monop&oacute;lio&quot;, completou o representante da Abert.<\/span><\/p>\n<p>&nbsp;<\/p>\n<p><span class=\"padrao\">A Abert acredita que a regula&ccedil;&atilde;o dever&aacute; atingir tamb&eacute;m a atua&ccedil;&atilde;o do pr&oacute;prio governo e do Congresso Nacional. No entendimento dos empres&aacute;rio de r&aacute;dio e TV, h&aacute; uma lentid&atilde;o por parte do Minist&eacute;rio das Comunica&ccedil;&otilde;es com a tramita&ccedil;&atilde;o dos processos. J&aacute; com os senadores e deputados a reclama&ccedil;&atilde;o &eacute; na dificuldade com as renova&ccedil;&otilde;es de outorgas.<\/span><\/p>\n<p>&nbsp;<\/p>\n<p><span class=\"padrao\">Moura relata ainda que a Associa&ccedil;&atilde;o Brasileira das Empresas de R&aacute;dio e Televis&atilde;o n&atilde;o tem conhecimento do que se tem discutido sobre o marco regulat&oacute;rio no &acirc;mbito do governo federal. Ele reconhece o fato de haver uma comiss&atilde;o interministerial respons&aacute;vel na condu&ccedil;&atilde;o do projeto, mas afirma n&atilde;o saber at&eacute; que o ponto as decis&otilde;es est&atilde;o maturadas. E ressalta: &quot;Gostar&iacute;amos de conhecer um pouco mais da proposta que o governo vai fazer&quot;.<\/span><\/p>\n","protected":false},"excerpt":{"rendered":"<p>O representante das emissoras de r&aacute;dio e TV disse que a Abert est&aacute; disposta a debater a regulamenta&ccedil;&atilde;o da comunica&ccedil;&atilde;o, mas n&atilde;o haver&aacute; qualquer consentimento no que se refira &agrave; restri&ccedil;&atilde;o da liberdade de imprensa. E explica o porqu&ecirc; de terem abandonado as discuss&otilde;es da Confer&ecirc;ncia de Comunica&ccedil;&atilde;o (Confecom), em dezembro de 2009. &ldquo;A Abert &hellip; <a href=\"https:\/\/obscom.intervozes.org.br\/?p=25146\" class=\"more-link\">Continue lendo <span class=\"screen-reader-text\">Abert nega monop\u00f3lio na comunica\u00e7\u00e3o, mas admite debater regula\u00e7\u00e3o<\/span> <span class=\"meta-nav\">&rarr;<\/span><\/a><\/p>\n","protected":false},"author":1,"featured_media":0,"comment_status":"open","ping_status":"open","sticky":false,"template":"","format":"standard","meta":{"footnotes":""},"categories":[40],"tags":[307],"_links":{"self":[{"href":"https:\/\/obscom.intervozes.org.br\/index.php?rest_route=\/wp\/v2\/posts\/25146"}],"collection":[{"href":"https:\/\/obscom.intervozes.org.br\/index.php?rest_route=\/wp\/v2\/posts"}],"about":[{"href":"https:\/\/obscom.intervozes.org.br\/index.php?rest_route=\/wp\/v2\/types\/post"}],"author":[{"embeddable":true,"href":"https:\/\/obscom.intervozes.org.br\/index.php?rest_route=\/wp\/v2\/users\/1"}],"replies":[{"embeddable":true,"href":"https:\/\/obscom.intervozes.org.br\/index.php?rest_route=%2Fwp%2Fv2%2Fcomments&post=25146"}],"version-history":[{"count":0,"href":"https:\/\/obscom.intervozes.org.br\/index.php?rest_route=\/wp\/v2\/posts\/25146\/revisions"}],"wp:attachment":[{"href":"https:\/\/obscom.intervozes.org.br\/index.php?rest_route=%2Fwp%2Fv2%2Fmedia&parent=25146"}],"wp:term":[{"taxonomy":"category","embeddable":true,"href":"https:\/\/obscom.intervozes.org.br\/index.php?rest_route=%2Fwp%2Fv2%2Fcategories&post=25146"},{"taxonomy":"post_tag","embeddable":true,"href":"https:\/\/obscom.intervozes.org.br\/index.php?rest_route=%2Fwp%2Fv2%2Ftags&post=25146"}],"curies":[{"name":"wp","href":"https:\/\/api.w.org\/{rel}","templated":true}]}}