{"id":25140,"date":"2010-12-03T18:26:00","date_gmt":"2010-12-03T18:26:00","guid":{"rendered":"https:\/\/obscom.intervozes.org.br\/wordpress\/?p=25140"},"modified":"2010-12-03T18:26:00","modified_gmt":"2010-12-03T18:26:00","slug":"lula-defende-democratizacao-dos-meios-de-comunicacao-em-entrevista-a-radios-comunitarias","status":"publish","type":"post","link":"https:\/\/obscom.intervozes.org.br\/?p=25140","title":{"rendered":"Lula defende democratiza\u00e7\u00e3o dos meios de comunica\u00e7\u00e3o em entrevista a r\u00e1dios comunit\u00e1rias"},"content":{"rendered":"<p class=\"padrao\">Em entrevista coletiva concedida &agrave;s r&aacute;dios  comunit&aacute;rias, o presidente Luiz In&aacute;cio Lula da Silva defendeu um novo  marco regulat&oacute;rio para o setor de comunica&ccedil;&otilde;es e deixou impl&iacute;cito que  estar&aacute; ao lado delas no futuro debate. O presidente afirmou para as  r&aacute;dios comunit&aacute;rias se prepararem para o debate e disse que o governo  n&atilde;o est&aacute; interessado em tirar nada de ningu&eacute;m. Embora o atual ministro  do Planejamento, Paulo Bernardo, seja considerado nome certo para o  Minist&eacute;rio das Comunica&ccedil;&otilde;es no futuro governo Dilma, Lula declarou que o  futuro ministro, seja quem for, ter&aacute; de ter afinidade com a pretens&atilde;o  do governo de &quot;democratizar os meios de comunica&ccedil;&atilde;o&quot;.<\/p>\n<p class=\"padrao\">&nbsp;<\/p>\n<p class=\"padrao\">&#8211; Ela vai escolher algu&eacute;m para o Minist&eacute;rio das Comunica&ccedil;&otilde;es que  tenha afinidade para a democratiza&ccedil;&atilde;o dos meios de comunica&ccedil;&atilde;o &#8211;  anunciou Lula.<\/p>\n<p class=\"padrao\">&nbsp;<\/p>\n<p class=\"padrao\">O presidente disse que acredita que h&aacute; um monop&oacute;lio nas comunica&ccedil;&otilde;es  no pa&iacute;s e atacou os cr&iacute;ticos &agrave; proposta do governo do novo marco  regulat&oacute;rio para o setor.<\/p>\n<p class=\"padrao\">&nbsp;<\/p>\n<p class=\"padrao\">&#8211; &Eacute; uma briga hist&oacute;rica. Tratam (o assunto) como se fosse cerceamento  &agrave; liberdade de imprensa. &Eacute; uma coisa absurda algu&eacute;m achar que n&atilde;o pode  receber cr&iacute;ticas, que s&atilde;o intoc&aacute;veis &#8211; disse.<\/p>\n","protected":false},"excerpt":{"rendered":"<p>Em entrevista coletiva concedida &agrave;s r&aacute;dios comunit&aacute;rias, o presidente Luiz In&aacute;cio Lula da Silva defendeu um novo marco regulat&oacute;rio para o setor de comunica&ccedil;&otilde;es e deixou impl&iacute;cito que estar&aacute; ao lado delas no futuro debate. O presidente afirmou para as r&aacute;dios comunit&aacute;rias se prepararem para o debate e disse que o governo n&atilde;o est&aacute; interessado &hellip; <a href=\"https:\/\/obscom.intervozes.org.br\/?p=25140\" class=\"more-link\">Continue lendo <span class=\"screen-reader-text\">Lula defende democratiza\u00e7\u00e3o dos meios de comunica\u00e7\u00e3o em entrevista a r\u00e1dios comunit\u00e1rias<\/span> <span class=\"meta-nav\">&rarr;<\/span><\/a><\/p>\n","protected":false},"author":1,"featured_media":0,"comment_status":"open","ping_status":"open","sticky":false,"template":"","format":"standard","meta":{"footnotes":""},"categories":[40],"tags":[1450],"_links":{"self":[{"href":"https:\/\/obscom.intervozes.org.br\/index.php?rest_route=\/wp\/v2\/posts\/25140"}],"collection":[{"href":"https:\/\/obscom.intervozes.org.br\/index.php?rest_route=\/wp\/v2\/posts"}],"about":[{"href":"https:\/\/obscom.intervozes.org.br\/index.php?rest_route=\/wp\/v2\/types\/post"}],"author":[{"embeddable":true,"href":"https:\/\/obscom.intervozes.org.br\/index.php?rest_route=\/wp\/v2\/users\/1"}],"replies":[{"embeddable":true,"href":"https:\/\/obscom.intervozes.org.br\/index.php?rest_route=%2Fwp%2Fv2%2Fcomments&post=25140"}],"version-history":[{"count":0,"href":"https:\/\/obscom.intervozes.org.br\/index.php?rest_route=\/wp\/v2\/posts\/25140\/revisions"}],"wp:attachment":[{"href":"https:\/\/obscom.intervozes.org.br\/index.php?rest_route=%2Fwp%2Fv2%2Fmedia&parent=25140"}],"wp:term":[{"taxonomy":"category","embeddable":true,"href":"https:\/\/obscom.intervozes.org.br\/index.php?rest_route=%2Fwp%2Fv2%2Fcategories&post=25140"},{"taxonomy":"post_tag","embeddable":true,"href":"https:\/\/obscom.intervozes.org.br\/index.php?rest_route=%2Fwp%2Fv2%2Ftags&post=25140"}],"curies":[{"name":"wp","href":"https:\/\/api.w.org\/{rel}","templated":true}]}}