{"id":25139,"date":"2010-12-03T18:13:37","date_gmt":"2010-12-03T18:13:37","guid":{"rendered":"https:\/\/obscom.intervozes.org.br\/wordpress\/?p=25139"},"modified":"2010-12-03T18:13:37","modified_gmt":"2010-12-03T18:13:37","slug":"ancine-e-ministerio-da-justica-lancam-campanha-contra-pirataria","status":"publish","type":"post","link":"https:\/\/obscom.intervozes.org.br\/?p=25139","title":{"rendered":"Ancine e Minist\u00e9rio da Justi\u00e7a lan\u00e7am campanha contra pirataria"},"content":{"rendered":"<p class=\"padrao\">A Ancine, o Minist&eacute;rio da Justi&ccedil;a e a Pol&iacute;cia Federal firmaram  acordo nesta quinta, 2, que dar&aacute; continuidade a a&ccedil;&otilde;es contra a  pirataria. O acordo &eacute; v&aacute;lido por cinco anos. Al&eacute;m disso, foram  apresentados quatro filmes que fazem parte de campanha de combate &agrave;  pirataria de obras audiovisuais. A campanha, criada pela DM9, ter&aacute; seus  filmes veiculados nas salas de cinema associadas &agrave; Feneec (Federa&ccedil;&atilde;o  Nacional da Empresas Exibidoras de Cinema) e inclu&iacute;dos em DVDs  distribu&iacute;dos pelas associadas da UBV (Uni&atilde;o Brasileira de V&iacute;deo).<\/p>\n<p class=\"padrao\">&nbsp;<\/p>\n<p class=\"padrao\">Os filmes procuram valorizar o trabalho brasileiro, de cria&ccedil;&atilde;o e  autoral, e a experi&ecirc;ncia de ir ao cinema, que fica amea&ccedil;ada pela  pirataria.<\/p>\n<p class=\"padrao\">&nbsp;<\/p>\n<p class=\"padrao\">No evento de lan&ccedil;amento dos filmes, que aconteceu na Cinemateca  Brasileira, em S&atilde;o Paulo, Rafael Thomaz Favetti, secret&aacute;rio executivo do  Minist&eacute;rio da Justi&ccedil;a e presidente do Conselho Nacional de Combate &agrave;  Pirataria e Delitos Contra a Propriedade Intelectual, afirmou que &eacute;  fundamental apagar a imagem rom&acirc;ntica que existe do vendedor de produtos  piratas. Segundo ele, a pirataria &eacute; parte do crime organizado, sendo  que os respons&aacute;veis por este delito est&atilde;o, muitas vezes, ligados tamb&eacute;m  ao com&eacute;rcio ilegal de armas, &agrave; pirataria dos mais variados tipos de  produtos, como brinquedos e rem&eacute;dios, e ao tr&aacute;fego de pessoas.<\/p>\n<p class=\"padrao\">&nbsp;<\/p>\n<p class=\"padrao\">Manoel Rangel, presidente da Ancine, apontou que o combate &agrave;  pirataria tem tr&ecirc;s aspectos: as campanhas pedag&oacute;gicas, como a lan&ccedil;ada  nesta quinta; a repress&atilde;o ao com&eacute;rcio ilegal, com a qual a ag&ecirc;ncia  colabora atrav&eacute;s de den&uacute;ncias repassadas &agrave; Pol&iacute;cia Federal; e e um  esfor&ccedil;o conjunto do setor para trazer mais vantagens ao com&eacute;rcio legal.  Como exemplo deste &uacute;ltimo ponto, citou a a&ccedil;&atilde;o &quot;V&iacute;deo Legal&quot;, atrav&eacute;s da  qual as distribuidoras de v&iacute;deo oferecem descontos especiais &agrave;s  locadoras que s&oacute; trabalham com conte&uacute;do legal. Outro exemplo citado &eacute; a  crian&ccedil;&atilde;o de pre&ccedil;os diferenciados nas salas de cinema em determinados  dias da semana. Rangel esclareceu que n&atilde;o se trata de &quot;criar desculpas  para a pirataria&quot;, como alegar pre&ccedil;o alto dos produtos oficias, por  exemplo. Pelo contr&aacute;rio, explica o presidente da Ancine, a ideia &eacute; criar  vantagens &agrave;queles que privilegiam o mercado legal.<\/p>\n<p class=\"padrao\">&nbsp;<\/p>\n<p class=\"padrao\"><strong>Avan&ccedil;o <\/strong><\/p>\n<p class=\"padrao\">&nbsp;<\/p>\n<p class=\"padrao\">Segundo o ministro da Justi&ccedil;a, Luiz Paulo Barreto, que tamb&eacute;m participou  do evento, h&aacute; um retrocesso no mercado de produtos piratas, uma vez que  o consumo cresce no Brasil com o crescimento da classe C, mas o consumo  de bens piratas n&atilde;o acompanha este crescimento com a mesma intensidade.  &quot;Recordes de apreens&atilde;o de produtos e de pris&otilde;es s&atilde;o quebrados  anualmente&quot;, diz o ministro.<\/p>\n","protected":false},"excerpt":{"rendered":"<p>A Ancine, o Minist&eacute;rio da Justi&ccedil;a e a Pol&iacute;cia Federal firmaram acordo nesta quinta, 2, que dar&aacute; continuidade a a&ccedil;&otilde;es contra a pirataria. O acordo &eacute; v&aacute;lido por cinco anos. Al&eacute;m disso, foram apresentados quatro filmes que fazem parte de campanha de combate &agrave; pirataria de obras audiovisuais. A campanha, criada pela DM9, ter&aacute; seus &hellip; <a href=\"https:\/\/obscom.intervozes.org.br\/?p=25139\" class=\"more-link\">Continue lendo <span class=\"screen-reader-text\">Ancine e Minist\u00e9rio da Justi\u00e7a lan\u00e7am campanha contra pirataria<\/span> <span class=\"meta-nav\">&rarr;<\/span><\/a><\/p>\n","protected":false},"author":1,"featured_media":0,"comment_status":"open","ping_status":"open","sticky":false,"template":"","format":"standard","meta":{"footnotes":""},"categories":[40],"tags":[895],"_links":{"self":[{"href":"https:\/\/obscom.intervozes.org.br\/index.php?rest_route=\/wp\/v2\/posts\/25139"}],"collection":[{"href":"https:\/\/obscom.intervozes.org.br\/index.php?rest_route=\/wp\/v2\/posts"}],"about":[{"href":"https:\/\/obscom.intervozes.org.br\/index.php?rest_route=\/wp\/v2\/types\/post"}],"author":[{"embeddable":true,"href":"https:\/\/obscom.intervozes.org.br\/index.php?rest_route=\/wp\/v2\/users\/1"}],"replies":[{"embeddable":true,"href":"https:\/\/obscom.intervozes.org.br\/index.php?rest_route=%2Fwp%2Fv2%2Fcomments&post=25139"}],"version-history":[{"count":0,"href":"https:\/\/obscom.intervozes.org.br\/index.php?rest_route=\/wp\/v2\/posts\/25139\/revisions"}],"wp:attachment":[{"href":"https:\/\/obscom.intervozes.org.br\/index.php?rest_route=%2Fwp%2Fv2%2Fmedia&parent=25139"}],"wp:term":[{"taxonomy":"category","embeddable":true,"href":"https:\/\/obscom.intervozes.org.br\/index.php?rest_route=%2Fwp%2Fv2%2Fcategories&post=25139"},{"taxonomy":"post_tag","embeddable":true,"href":"https:\/\/obscom.intervozes.org.br\/index.php?rest_route=%2Fwp%2Fv2%2Ftags&post=25139"}],"curies":[{"name":"wp","href":"https:\/\/api.w.org\/{rel}","templated":true}]}}