{"id":25138,"date":"2010-12-02T17:41:10","date_gmt":"2010-12-02T17:41:10","guid":{"rendered":"https:\/\/obscom.intervozes.org.br\/wordpress\/?p=25138"},"modified":"2010-12-02T17:41:10","modified_gmt":"2010-12-02T17:41:10","slug":"sav-lancara-dez-editais-do-fundo-setorial-de-inovacao-ainda-este-ano","status":"publish","type":"post","link":"https:\/\/obscom.intervozes.org.br\/?p=25138","title":{"rendered":"SAV lan\u00e7ar\u00e1 dez editais do Fundo Setorial de Inova\u00e7\u00e3o ainda este ano"},"content":{"rendered":"<p><strong>Ana Carolina Barbosa &#8211; Tela Viva<\/strong><\/p>\n<p>&nbsp;<\/p>\n<p>F&aacute;bio Kobol, chefe de gabinete da Secretaria do Audiovisual do  Minist&eacute;rio da Cultura (SAv\/Minc), participou de palestra na manh&atilde; da  &uacute;ltima ter&ccedil;a-feira, 30, do Semin&aacute;rio de Economia do Audiovisual em  Salvador e afirmou que o Fundo Setorial do Audiovisual ser&aacute; lan&ccedil;ado  ainda em 2010 com or&ccedil;amento de R$ 30 milh&otilde;es distribu&iacute;dos em dez  editais.<\/p>\n<p>&nbsp;<\/p>\n<p>Ele apresentou os editais: autor-roteirista, telefilmes de inven&ccedil;&atilde;o  de g&ecirc;nero, Loc Brasil (fomento ao setor de home v&iacute;deo), intercurtas  (produ&ccedil;&atilde;o de obras com o tema esporte), curadores, univerTV (voltado  para estudantes e TVs universit&aacute;rias), videodan&ccedil;a, produ&ccedil;&atilde;o de  videoclipe, laborat&oacute;rio sonhar TV (laborat&oacute;rio de pesquisa de conte&uacute;do  convergente) e coletivos criativos.<\/p>\n","protected":false},"excerpt":{"rendered":"<p>Ana Carolina Barbosa &#8211; Tela Viva &nbsp; F&aacute;bio Kobol, chefe de gabinete da Secretaria do Audiovisual do Minist&eacute;rio da Cultura (SAv\/Minc), participou de palestra na manh&atilde; da &uacute;ltima ter&ccedil;a-feira, 30, do Semin&aacute;rio de Economia do Audiovisual em Salvador e afirmou que o Fundo Setorial do Audiovisual ser&aacute; lan&ccedil;ado ainda em 2010 com or&ccedil;amento de R$ &hellip; <a href=\"https:\/\/obscom.intervozes.org.br\/?p=25138\" class=\"more-link\">Continue lendo <span class=\"screen-reader-text\">SAV lan\u00e7ar\u00e1 dez editais do Fundo Setorial de Inova\u00e7\u00e3o ainda este ano<\/span> <span class=\"meta-nav\">&rarr;<\/span><\/a><\/p>\n","protected":false},"author":1,"featured_media":0,"comment_status":"open","ping_status":"open","sticky":false,"template":"","format":"standard","meta":{"footnotes":""},"categories":[39],"tags":[],"_links":{"self":[{"href":"https:\/\/obscom.intervozes.org.br\/index.php?rest_route=\/wp\/v2\/posts\/25138"}],"collection":[{"href":"https:\/\/obscom.intervozes.org.br\/index.php?rest_route=\/wp\/v2\/posts"}],"about":[{"href":"https:\/\/obscom.intervozes.org.br\/index.php?rest_route=\/wp\/v2\/types\/post"}],"author":[{"embeddable":true,"href":"https:\/\/obscom.intervozes.org.br\/index.php?rest_route=\/wp\/v2\/users\/1"}],"replies":[{"embeddable":true,"href":"https:\/\/obscom.intervozes.org.br\/index.php?rest_route=%2Fwp%2Fv2%2Fcomments&post=25138"}],"version-history":[{"count":0,"href":"https:\/\/obscom.intervozes.org.br\/index.php?rest_route=\/wp\/v2\/posts\/25138\/revisions"}],"wp:attachment":[{"href":"https:\/\/obscom.intervozes.org.br\/index.php?rest_route=%2Fwp%2Fv2%2Fmedia&parent=25138"}],"wp:term":[{"taxonomy":"category","embeddable":true,"href":"https:\/\/obscom.intervozes.org.br\/index.php?rest_route=%2Fwp%2Fv2%2Fcategories&post=25138"},{"taxonomy":"post_tag","embeddable":true,"href":"https:\/\/obscom.intervozes.org.br\/index.php?rest_route=%2Fwp%2Fv2%2Ftags&post=25138"}],"curies":[{"name":"wp","href":"https:\/\/api.w.org\/{rel}","templated":true}]}}