{"id":25137,"date":"2010-12-02T17:30:29","date_gmt":"2010-12-02T17:30:29","guid":{"rendered":"https:\/\/obscom.intervozes.org.br\/wordpress\/?p=25137"},"modified":"2010-12-02T17:30:29","modified_gmt":"2010-12-02T17:30:29","slug":"lula-marco-regulatorio-dos-meios-de-comunicacao-nao-e-censura-a-imprensa","status":"publish","type":"post","link":"https:\/\/obscom.intervozes.org.br\/?p=25137","title":{"rendered":"Lula: marco regulat\u00f3rio dos meios de comunica\u00e7\u00e3o n\u00e3o \u00e9 censura \u00e0 imprensa"},"content":{"rendered":"\n<p class=\"padrao\">&ldquo;H&aacute; uma briga hist&oacute;rica. Os meios de comunica&ccedil;&atilde;o confundiram isso,  como se fosse um cerceamento da liberdade de imprensa. A coisa mais  pobre que eu acho &eacute; algu&eacute;m achar que n&atilde;o pode receber cr&iacute;ticas, que &eacute;  intoc&aacute;vel&rdquo;, disse ao acrescentar que nunca pediu para a imprensa &ldquo;falar  bem&rdquo; dele. &ldquo;S&oacute; quero que falem a verdade, aquilo que aconteceu&rdquo;,  completou.<\/p>\n<p class=\"padrao\">&nbsp;<\/p>\n<p class=\"padrao\">Lula admitiu que houve cr&iacute;ticas quando o governo resolveu fazer o que  chamou de &ldquo;democratiza&ccedil;&atilde;o da publicidade&rdquo;. O n&uacute;mero de empresas que  atendem ao governo passou de 400 para mais de 8 mil, segundo Lula. &ldquo;Isso  teve uma rea&ccedil;&atilde;o bruta porque voc&ecirc; tinha um pequeno grupo que estava  acostumado a &#39;comer&#39; sozinho&rdquo;, disse.<\/p>\n<p class=\"padrao\">&nbsp;<\/p>\n<p class=\"padrao\">Sobre o futuro do Minist&eacute;rio das Comunica&ccedil;&otilde;es e tamb&eacute;m das r&aacute;dios  comunit&aacute;rias, Lula disse que, nos &uacute;ltimos 30 dias de seu governo,  provavelmente n&atilde;o dar&aacute; tempo de tomar mais medidas para o setor, mas que  a presidenta eleita, Dilma Rousseff, certamente cuidar&aacute; do assunto.<\/p>\n<p class=\"padrao\">&nbsp;<\/p>\n<p class=\"padrao\">&ldquo;Pode ficar certo que Dilma sabe o que tem de fazer para o Minist&eacute;rio  das Comunica&ccedil;&otilde;es ter um papel mais importante do que o que teve no meu  governo, exatamente por causa do marco regulat&oacute;rio&rdquo;, afirmou, ao  destacar que ela &eacute; favor&aacute;vel &agrave; nova regula&ccedil;&atilde;o da comunica&ccedil;&atilde;o no Brasil.  &ldquo;Dilma n&atilde;o veio de onde eu vim, mas ela vai para onde eu vou. &Eacute; uma  mulher de cabe&ccedil;a boa, arejada, que vai fazer coisas extraordin&aacute;rias&rdquo;,  disse.<\/p>\n<p class=\"padrao\">&nbsp;<\/p>\n<p class=\"padrao\">A miss&atilde;o da nova pasta ser&aacute; de mais responsabilidade que a do  minist&eacute;rio anterior por causa das discuss&otilde;es do marco regulat&oacute;rio. Para  Lula, a legisla&ccedil;&atilde;o atual precisa ser atualizada. &ldquo;Temos uma legisla&ccedil;&atilde;o  de 1962, quando n&atilde;o tinha nem fax, nem telefone digital. Imaginem a  dificuldade que tivemos de criar a TV p&uacute;blica e ainda falta muito pra  consolidar. N&atilde;o &eacute; s&oacute; uma coisa para a sociedade, &eacute; uma estrutura que foi  montada. &rdquo;, disse.<\/p>\n","protected":false},"excerpt":{"rendered":"<p>O presidente Luiz In&aacute;cio Lula da Silva  reafirmou hoje (2) que a discuss&atilde;o sobre o novo marco regulat&oacute;rio dos  meios de comunica&ccedil;&atilde;o n&atilde;o &eacute; uma forma de impor censura &agrave; imprensa. Em  entrevista a r&aacute;dios comunit&aacute;rias, Lula disse que, muitas vezes, os meios  de comunica&ccedil;&atilde;o confundem cr&iacute;ticas com cerceamento.<\/p>\n","protected":false},"author":1,"featured_media":0,"comment_status":"open","ping_status":"open","sticky":false,"template":"","format":"standard","meta":{"footnotes":""},"categories":[40],"tags":[323],"_links":{"self":[{"href":"https:\/\/obscom.intervozes.org.br\/index.php?rest_route=\/wp\/v2\/posts\/25137"}],"collection":[{"href":"https:\/\/obscom.intervozes.org.br\/index.php?rest_route=\/wp\/v2\/posts"}],"about":[{"href":"https:\/\/obscom.intervozes.org.br\/index.php?rest_route=\/wp\/v2\/types\/post"}],"author":[{"embeddable":true,"href":"https:\/\/obscom.intervozes.org.br\/index.php?rest_route=\/wp\/v2\/users\/1"}],"replies":[{"embeddable":true,"href":"https:\/\/obscom.intervozes.org.br\/index.php?rest_route=%2Fwp%2Fv2%2Fcomments&post=25137"}],"version-history":[{"count":0,"href":"https:\/\/obscom.intervozes.org.br\/index.php?rest_route=\/wp\/v2\/posts\/25137\/revisions"}],"wp:attachment":[{"href":"https:\/\/obscom.intervozes.org.br\/index.php?rest_route=%2Fwp%2Fv2%2Fmedia&parent=25137"}],"wp:term":[{"taxonomy":"category","embeddable":true,"href":"https:\/\/obscom.intervozes.org.br\/index.php?rest_route=%2Fwp%2Fv2%2Fcategories&post=25137"},{"taxonomy":"post_tag","embeddable":true,"href":"https:\/\/obscom.intervozes.org.br\/index.php?rest_route=%2Fwp%2Fv2%2Ftags&post=25137"}],"curies":[{"name":"wp","href":"https:\/\/api.w.org\/{rel}","templated":true}]}}