{"id":25136,"date":"2010-12-02T14:41:48","date_gmt":"2010-12-02T14:41:48","guid":{"rendered":"https:\/\/obscom.intervozes.org.br\/wordpress\/?p=25136"},"modified":"2010-12-02T14:41:48","modified_gmt":"2010-12-02T14:41:48","slug":"comeca-hoje-no-rio-de-janeiro-o-seminario-a-mulher-e-a-midia-7","status":"publish","type":"post","link":"https:\/\/obscom.intervozes.org.br\/?p=25136","title":{"rendered":"Come\u00e7a hoje, no Rio de Janeiro, o semin\u00e1rio A Mulher e a M\u00eddia 7"},"content":{"rendered":"<p class=\"padrao\">A ministra da Secretaria de Pol&iacute;ticas  para as Mulheres, Nilc&eacute;a Freire, participa, nesta quinta-feira (02\/12),  durante a abertura do Semin&aacute;rio A Mulher e a M&iacute;dia, do debate sobre o  filme &ldquo;Reze para o diabo voltar ao inferno&rdquo;. O filme, que ganhou o  pr&ecirc;mio de Melhor Document&aacute;rio no Festival de Tribeca em 2009, ser&aacute;  exibido nesta quinta-feira, no Cine Odeon: Pra&ccedil;a Mahatma Gandhi, 2 &#8211;  Cinel&acirc;ndia &#8211; Rio de Janeiro\/RJ).<\/p>\n<p class=\"padrao\">&nbsp;<\/p>\n<p class=\"padrao\">Al&eacute;m da ministra, participam da mesa: a chefa da delega&ccedil;&atilde;o  argentina na Reuni&atilde;o Especializada de Mulheres do Mercosul (REM) e  presidenta do Conselho Nacional da Mulher (Argentina), L&iacute;dia Mondelo; a  chefa da delega&ccedil;&atilde;o paraguaia na REM, Teresita Silvero; a representante  do Instituto Nacional das Mulheres (Uruguai), L&uacute;cia Scuro; as deputadas,  In&ecirc;s Pandel&oacute; (estadual &#8211; RJ) e Benedita da Silva &ndash; federal (RJ). Os  debates ser&atilde;o coordenados por Susanna Lyra &ndash; cineasta e documentarista. <\/p>\n<p class=\"padrao\">&nbsp;<\/p>\n<p><strong>Mulheres pela paz<\/strong><\/p>\n<p class=\"padrao\">&nbsp;<\/p>\n<p class=\"padrao\">A produ&ccedil;&atilde;o americana: &ldquo;Reze para o Diabo voltar ao Inferno&rdquo; da  diretora Gini Reticker foi&nbsp; filmado no pa&iacute;s africano da Lib&eacute;ria e trata  da utiliza&ccedil;&atilde;o do poder por mulheres com a finalidade de construir a paz.<\/p>\n<p class=\"padrao\">&nbsp;<\/p>\n<p class=\"padrao\">O filme narra a hist&oacute;ria de corajosas mulheres liberianas que se  juntaram para terminar uma sangrenta guerra civil e trazer a paz ao seu  pa&iacute;s. Milhares de mulheres comuns &#8211; m&atilde;es, av&oacute;s, tias e filhas, crist&atilde;s e  mu&ccedil;ulmanas &#8211; se reuniram para rezar pela paz e, em seguida, realizar um  protesto silencioso nas portas do Pal&aacute;cio Presidencial.&nbsp;&nbsp;    <\/p>\n<div>&nbsp;<\/div>\n<div>&nbsp;<\/div>\n<div>Armadas apenas com suas camisetas brancas e a coragem das suas  convic&ccedil;&otilde;es, elas exigiram uma solu&ccedil;&atilde;o para fim da guerra civil que o  pa&iacute;s enfrentava. Suas a&ccedil;&otilde;es foram fundamentais na concretiza&ccedil;&atilde;o de um  acordo durante as negocia&ccedil;&otilde;es de paz. Uma hist&oacute;ria de sacrif&iacute;cio,  unidade e transcend&ecirc;ncia.<\/div>\n<div>&nbsp;<\/div>\n<div>Em consequ&ecirc;ncia do movimento empreendido pelas mulheres naquela  &eacute;poca, a Lib&eacute;ria hoje &eacute; governada por uma mulher: a presidenta Ellen  Johnson Sirleaf. O document&aacute;rio que foi o vencedor da categoria  document&aacute;rio do Festival de Tribeca (USA) &eacute; uma combina&ccedil;&atilde;o de imagens de  arquivo, entrevistas atuais e imagens da Lib&eacute;ria de hoje.<\/div>\n<div>&nbsp;<\/div>\n<div><strong>Mais Mulheres no Poder<\/strong><\/div>\n<div>&nbsp;<\/div>\n<div>Depois da exibi&ccedil;&atilde;o do  filme e do debate, ser&aacute; lan&ccedil;ada a publica&ccedil;&atilde;o &ldquo;Mais Mulheres no Poder &ndash;  Contribui&ccedil;&atilde;o &agrave; Forma&ccedil;&atilde;o Pol&iacute;tica das Mulheres&rdquo;, uma realiza&ccedil;&atilde;o do F&oacute;rum  Nacional de Inst&acirc;ncias de Mulheres de Partidos Pol&iacute;ticos, com o apoio da  Secretaria de Pol&iacute;ticas para as Mulheres, Programa das Na&ccedil;&otilde;es Unidas  para o Desenvolvimento (PNUD) e Fundo de Desenvolvimento das Na&ccedil;&otilde;es  Unidas para a Mulher (Unifem\/ONU Mulheres.<\/div>\n<div>&nbsp;<\/div>\n<div>O objetivo do livro &eacute; proporcionar &agrave;s mulheres subs&iacute;dios te&oacute;ricos  sobre feminismo e subs&iacute;dios pol&iacute;ticos, jur&iacute;dicos&nbsp; e estrat&eacute;gicos que  possibilitem a sua participa&ccedil;&atilde;o nos partidos pol&iacute;ticos, nos processos  eleitorais e na vida pol&iacute;tica brasileira em geral, bem como propiciar  mais conhecimento e condi&ccedil;&otilde;es de disputar os espa&ccedil;os de poder e decis&atilde;o.<\/div>\n<div>&nbsp;<\/div>\n<div>A s&eacute;tima edi&ccedil;&atilde;o do semin&aacute;rio Mulher e M&iacute;dia, que acontece de  dois a quatro de dezembro, &eacute; promovido pela Secretaria de Pol&iacute;ticas para  as Mulheres (SPM), Instituto Patr&iacute;cia Galv&atilde;o e Fundo de Desenvolvimento  das Na&ccedil;&otilde;es Unidas para a Mulher (Unifem).<\/div>\n<p>&nbsp;<\/p>\n<p>&nbsp;<\/p>\n","protected":false},"excerpt":{"rendered":"<p>A ministra da Secretaria de Pol&iacute;ticas para as Mulheres, Nilc&eacute;a Freire, participa, nesta quinta-feira (02\/12), durante a abertura do Semin&aacute;rio A Mulher e a M&iacute;dia, do debate sobre o filme &ldquo;Reze para o diabo voltar ao inferno&rdquo;. O filme, que ganhou o pr&ecirc;mio de Melhor Document&aacute;rio no Festival de Tribeca em 2009, ser&aacute; exibido nesta &hellip; <a href=\"https:\/\/obscom.intervozes.org.br\/?p=25136\" class=\"more-link\">Continue lendo <span class=\"screen-reader-text\">Come\u00e7a hoje, no Rio de Janeiro, o semin\u00e1rio A Mulher e a M\u00eddia 7<\/span> <span class=\"meta-nav\">&rarr;<\/span><\/a><\/p>\n","protected":false},"author":1,"featured_media":0,"comment_status":"open","ping_status":"open","sticky":false,"template":"","format":"standard","meta":{"footnotes":""},"categories":[40],"tags":[1449],"_links":{"self":[{"href":"https:\/\/obscom.intervozes.org.br\/index.php?rest_route=\/wp\/v2\/posts\/25136"}],"collection":[{"href":"https:\/\/obscom.intervozes.org.br\/index.php?rest_route=\/wp\/v2\/posts"}],"about":[{"href":"https:\/\/obscom.intervozes.org.br\/index.php?rest_route=\/wp\/v2\/types\/post"}],"author":[{"embeddable":true,"href":"https:\/\/obscom.intervozes.org.br\/index.php?rest_route=\/wp\/v2\/users\/1"}],"replies":[{"embeddable":true,"href":"https:\/\/obscom.intervozes.org.br\/index.php?rest_route=%2Fwp%2Fv2%2Fcomments&post=25136"}],"version-history":[{"count":0,"href":"https:\/\/obscom.intervozes.org.br\/index.php?rest_route=\/wp\/v2\/posts\/25136\/revisions"}],"wp:attachment":[{"href":"https:\/\/obscom.intervozes.org.br\/index.php?rest_route=%2Fwp%2Fv2%2Fmedia&parent=25136"}],"wp:term":[{"taxonomy":"category","embeddable":true,"href":"https:\/\/obscom.intervozes.org.br\/index.php?rest_route=%2Fwp%2Fv2%2Fcategories&post=25136"},{"taxonomy":"post_tag","embeddable":true,"href":"https:\/\/obscom.intervozes.org.br\/index.php?rest_route=%2Fwp%2Fv2%2Ftags&post=25136"}],"curies":[{"name":"wp","href":"https:\/\/api.w.org\/{rel}","templated":true}]}}