{"id":25135,"date":"2010-12-01T16:14:51","date_gmt":"2010-12-01T16:14:51","guid":{"rendered":"https:\/\/obscom.intervozes.org.br\/wordpress\/?p=25135"},"modified":"2010-12-01T16:14:51","modified_gmt":"2010-12-01T16:14:51","slug":"telebras-levara-internet-para-orgaos-publicos-de-campinas","status":"publish","type":"post","link":"https:\/\/obscom.intervozes.org.br\/?p=25135","title":{"rendered":"Telebr\u00e1s levar\u00e1 internet para \u00f3rg\u00e3os p\u00fablicos de Campinas"},"content":{"rendered":"<p class=\"padrao\">O acordo cumpre uma das premissas do Programa Nacional  de Banda Larga  (PNBL), que &eacute; conectar os &oacute;rg&atilde;os p&uacute;blicos federais &agrave;  rede p&uacute;blica  gerenciada pela Telebr&aacute;s. Neste caso, a rede de fibras  &oacute;ticas da estatal  ser&aacute; complementada por tecnologia similar, que a IMA  disp&otilde;e em  Campinas.<\/p>\n<p class=\"padrao\">&nbsp;<\/p>\n<p class=\"padrao\">&ldquo;O fato  de a prefeitura dispor de dutos de fibras &oacute;ticas faz com que o   atendimento (aos &oacute;rg&atilde;os p&uacute;blicos) seja potencializado. Este j&aacute; se   mostra como um primeiro esfor&ccedil;o de nossa integra&ccedil;&atilde;o com as redes dos   munic&iacute;pios&rdquo;, afirmou Santanna. A IMA foi representada por seu   presidente, Pedro Jaime Ziller, conhecido no setor por j&aacute; ter ocupado o   posto de conselheiro diretor da Ag&ecirc;ncia Nacional de Telecomunica&ccedil;&otilde;es   (Anatel).<\/p>\n<p class=\"padrao\">&nbsp;<\/p>\n<p class=\"padrao\">Santanna considera  que o interesse das duas empresas permanecer&aacute;  restrito ao atendimento  de &oacute;rg&atilde;os p&uacute;blicos. Devido &agrave; presen&ccedil;a de grandes  prestadoras na regi&atilde;o,  ele acredita que n&atilde;o ser&aacute; necess&aacute;ria a oferta de  servi&ccedil;os de banda  larga &agrave; popula&ccedil;&atilde;o, j&aacute; que as pr&oacute;prias empresas  poder&atilde;o participar do  PNBL e ofertar servi&ccedil;os a pre&ccedil;os acess&iacute;veis &agrave;  popula&ccedil;&atilde;o de baixa renda.<\/p>\n","protected":false},"excerpt":{"rendered":"<p>O acordo cumpre uma das premissas do Programa Nacional de Banda Larga (PNBL), que &eacute; conectar os &oacute;rg&atilde;os p&uacute;blicos federais &agrave; rede p&uacute;blica gerenciada pela Telebr&aacute;s. Neste caso, a rede de fibras &oacute;ticas da estatal ser&aacute; complementada por tecnologia similar, que a IMA disp&otilde;e em Campinas. &nbsp; &ldquo;O fato de a prefeitura dispor de dutos &hellip; <a href=\"https:\/\/obscom.intervozes.org.br\/?p=25135\" class=\"more-link\">Continue lendo <span class=\"screen-reader-text\">Telebr\u00e1s levar\u00e1 internet para \u00f3rg\u00e3os p\u00fablicos de Campinas<\/span> <span class=\"meta-nav\">&rarr;<\/span><\/a><\/p>\n","protected":false},"author":1,"featured_media":0,"comment_status":"open","ping_status":"open","sticky":false,"template":"","format":"standard","meta":{"footnotes":""},"categories":[39],"tags":[],"_links":{"self":[{"href":"https:\/\/obscom.intervozes.org.br\/index.php?rest_route=\/wp\/v2\/posts\/25135"}],"collection":[{"href":"https:\/\/obscom.intervozes.org.br\/index.php?rest_route=\/wp\/v2\/posts"}],"about":[{"href":"https:\/\/obscom.intervozes.org.br\/index.php?rest_route=\/wp\/v2\/types\/post"}],"author":[{"embeddable":true,"href":"https:\/\/obscom.intervozes.org.br\/index.php?rest_route=\/wp\/v2\/users\/1"}],"replies":[{"embeddable":true,"href":"https:\/\/obscom.intervozes.org.br\/index.php?rest_route=%2Fwp%2Fv2%2Fcomments&post=25135"}],"version-history":[{"count":0,"href":"https:\/\/obscom.intervozes.org.br\/index.php?rest_route=\/wp\/v2\/posts\/25135\/revisions"}],"wp:attachment":[{"href":"https:\/\/obscom.intervozes.org.br\/index.php?rest_route=%2Fwp%2Fv2%2Fmedia&parent=25135"}],"wp:term":[{"taxonomy":"category","embeddable":true,"href":"https:\/\/obscom.intervozes.org.br\/index.php?rest_route=%2Fwp%2Fv2%2Fcategories&post=25135"},{"taxonomy":"post_tag","embeddable":true,"href":"https:\/\/obscom.intervozes.org.br\/index.php?rest_route=%2Fwp%2Fv2%2Ftags&post=25135"}],"curies":[{"name":"wp","href":"https:\/\/api.w.org\/{rel}","templated":true}]}}