{"id":25134,"date":"2010-12-01T15:48:14","date_gmt":"2010-12-01T15:48:14","guid":{"rendered":"https:\/\/obscom.intervozes.org.br\/wordpress\/?p=25134"},"modified":"2010-12-01T15:48:14","modified_gmt":"2010-12-01T15:48:14","slug":"radios-comunitarias-irao-entrevistar-presidente-lula-nesta-quinta","status":"publish","type":"post","link":"https:\/\/obscom.intervozes.org.br\/?p=25134","title":{"rendered":"R\u00e1dios comunit\u00e1rias ir\u00e3o entrevistar presidente Lula nesta quinta"},"content":{"rendered":"<p class=\"padrao\">Depois de conceder entrevista para blogueiros, o presidente Luiz In&aacute;cio Lula da Silva ir&aacute; falar desta vez com as r&aacute;dios comunit&aacute;rias. A coletiva acontecer&aacute; nesta quinta-feira (2), &agrave;s 9h. A transmiss&atilde;o ser&aacute; ao vivo e poder&aacute; ser acompanhada pela internet pelo <a href=\"http:\/\/blog.planalto.gov.br\/\" target=\"_blank\">Blog do Planalto <\/a> e pela p&aacute;gina da Associa&ccedil;&atilde;o Brasileira de Radiodifus&atilde;o Comunit&aacute;ria (<a href=\"http:\/\/www.abraconacional.org\/\" target=\"_blank\">Abra&ccedil;o<\/a>). O sinal de &aacute;udio estar&aacute; aberto para todas as emissoras de r&aacute;dio do pa&iacute;s. <\/p>\n<p class=\"padrao\">Dez r&aacute;dios comunit&aacute;rias ir&atilde;o participar da entrevista, que ser&aacute; ancorada pelo jornalista Luciano Seixas. A iniciativa est&aacute; sendo organizada pela EBC Servi&ccedil;os em parceria com a Secretaria de Comunica&ccedil;&atilde;o Social da Presid&ecirc;ncia da Rep&uacute;blica e Abra&ccedil;o. <\/p>\n","protected":false},"excerpt":{"rendered":"<p>Depois de conceder entrevista para blogueiros, o presidente Luiz In&aacute;cio Lula da Silva ir&aacute; falar desta vez com as r&aacute;dios comunit&aacute;rias. A coletiva acontecer&aacute; nesta quinta-feira (2), &agrave;s 9h. A transmiss&atilde;o ser&aacute; ao vivo e poder&aacute; ser acompanhada pela internet pelo Blog do Planalto e pela p&aacute;gina da Associa&ccedil;&atilde;o Brasileira de Radiodifus&atilde;o Comunit&aacute;ria (Abra&ccedil;o). O &hellip; <a href=\"https:\/\/obscom.intervozes.org.br\/?p=25134\" class=\"more-link\">Continue lendo <span class=\"screen-reader-text\">R\u00e1dios comunit\u00e1rias ir\u00e3o entrevistar presidente Lula nesta quinta<\/span> <span class=\"meta-nav\">&rarr;<\/span><\/a><\/p>\n","protected":false},"author":1,"featured_media":0,"comment_status":"open","ping_status":"open","sticky":false,"template":"","format":"standard","meta":{"footnotes":""},"categories":[39],"tags":[],"_links":{"self":[{"href":"https:\/\/obscom.intervozes.org.br\/index.php?rest_route=\/wp\/v2\/posts\/25134"}],"collection":[{"href":"https:\/\/obscom.intervozes.org.br\/index.php?rest_route=\/wp\/v2\/posts"}],"about":[{"href":"https:\/\/obscom.intervozes.org.br\/index.php?rest_route=\/wp\/v2\/types\/post"}],"author":[{"embeddable":true,"href":"https:\/\/obscom.intervozes.org.br\/index.php?rest_route=\/wp\/v2\/users\/1"}],"replies":[{"embeddable":true,"href":"https:\/\/obscom.intervozes.org.br\/index.php?rest_route=%2Fwp%2Fv2%2Fcomments&post=25134"}],"version-history":[{"count":0,"href":"https:\/\/obscom.intervozes.org.br\/index.php?rest_route=\/wp\/v2\/posts\/25134\/revisions"}],"wp:attachment":[{"href":"https:\/\/obscom.intervozes.org.br\/index.php?rest_route=%2Fwp%2Fv2%2Fmedia&parent=25134"}],"wp:term":[{"taxonomy":"category","embeddable":true,"href":"https:\/\/obscom.intervozes.org.br\/index.php?rest_route=%2Fwp%2Fv2%2Fcategories&post=25134"},{"taxonomy":"post_tag","embeddable":true,"href":"https:\/\/obscom.intervozes.org.br\/index.php?rest_route=%2Fwp%2Fv2%2Ftags&post=25134"}],"curies":[{"name":"wp","href":"https:\/\/api.w.org\/{rel}","templated":true}]}}