{"id":25133,"date":"2010-12-01T08:03:03","date_gmt":"2010-12-01T08:03:03","guid":{"rendered":"https:\/\/obscom.intervozes.org.br\/wordpress\/?p=25133"},"modified":"2010-12-01T08:03:03","modified_gmt":"2010-12-01T08:03:03","slug":"nas-comunicacoes-paulo-bernardo-tera-de-reorganizar-os-correios","status":"publish","type":"post","link":"https:\/\/obscom.intervozes.org.br\/?p=25133","title":{"rendered":"Nas Comunica\u00e7\u00f5es, Paulo Bernardo ter\u00e1 de reorganizar os Correios"},"content":{"rendered":"<p><span class=\"padrao\">&Agrave; frente do Minist&eacute;rio das Comunica&ccedil;&otilde;es, caber&aacute; a Paulo Bernardo reorganizar a Empresa de Correios e Tel&eacute;grafos (ECT), alvo de esc&acirc;ndalos de corrup&ccedil;&atilde;o desde o primeiro mandato do presidente Luiz In&aacute;cio Lula da Silva. Bernardo j&aacute; come&ccedil;ou um diagn&oacute;stico da estatal, tendo sido nomeado &quot;interventor informal&quot; por Lula.<\/span><\/p>\n<p>&nbsp;<\/p>\n<p><span class=\"padrao\">Mais uma fonte ligada &agrave; c&uacute;pula do PT confirmou nesta ter&ccedil;a-feira, 30, &agrave; Ag&ecirc;ncia Estado que o atual ministro do Planejamento, Paulo Bernardo, assumir&aacute; o Minist&eacute;rio das Comunica&ccedil;&otilde;es no futuro governo Dilma Rousseff. Nesta situa&ccedil;&atilde;o, o PMDB perde o controle da pasta, mas dever&aacute; ser compensado com outro minist&eacute;rio. Provavelmente, o das Cidades.<\/span><\/p>\n<p>&nbsp;<\/p>\n<p><span class=\"padrao\">Al&eacute;m disso, caber&aacute; ao ministro retirar do papel e impulsionar o Plano Nacional de Banda Larga, projeto atualmente conduzido pela Casa Civil. Neste caso, o assessor especial da Presid&ecirc;ncia C&eacute;sar Alvarez iria para o minist&eacute;rio trabalhar ao lado de Bernardo.<\/span><\/p>\n<p>&nbsp;<\/p>\n<p><span class=\"padrao\">Por fim, Bernardo tamb&eacute;m assumir&aacute; o novo marco regulat&oacute;rio das comunica&ccedil;&otilde;es, projeto ainda embrion&aacute;rio que, no momento, &eacute; conduzido pela Secretaria de Comunica&ccedil;&atilde;o Social da Presid&ecirc;ncia da Rep&uacute;blica. Bernardo herdar&aacute; o anteprojeto das m&atilde;os de Franklin Martins, que deixar&aacute; o governo. O argumento &eacute; de que cabe ao Minist&eacute;rio das Comunica&ccedil;&otilde;es, por defini&ccedil;&atilde;o, elaborar e conduzir as pol&iacute;ticas p&uacute;blicas do setor.<\/span><\/p>\n<p>&nbsp;<\/p>\n<p>&nbsp;<\/p>\n","protected":false},"excerpt":{"rendered":"<p>Futuro ministro est&aacute; elaborando diagn&oacute;stico da estatal, que &eacute; alvo de esc&acirc;ndalos de corrup&ccedil;&atilde;o desde o primeiro governo Lula<\/p>\n","protected":false},"author":1,"featured_media":0,"comment_status":"open","ping_status":"open","sticky":false,"template":"","format":"standard","meta":{"footnotes":""},"categories":[40],"tags":[241],"_links":{"self":[{"href":"https:\/\/obscom.intervozes.org.br\/index.php?rest_route=\/wp\/v2\/posts\/25133"}],"collection":[{"href":"https:\/\/obscom.intervozes.org.br\/index.php?rest_route=\/wp\/v2\/posts"}],"about":[{"href":"https:\/\/obscom.intervozes.org.br\/index.php?rest_route=\/wp\/v2\/types\/post"}],"author":[{"embeddable":true,"href":"https:\/\/obscom.intervozes.org.br\/index.php?rest_route=\/wp\/v2\/users\/1"}],"replies":[{"embeddable":true,"href":"https:\/\/obscom.intervozes.org.br\/index.php?rest_route=%2Fwp%2Fv2%2Fcomments&post=25133"}],"version-history":[{"count":0,"href":"https:\/\/obscom.intervozes.org.br\/index.php?rest_route=\/wp\/v2\/posts\/25133\/revisions"}],"wp:attachment":[{"href":"https:\/\/obscom.intervozes.org.br\/index.php?rest_route=%2Fwp%2Fv2%2Fmedia&parent=25133"}],"wp:term":[{"taxonomy":"category","embeddable":true,"href":"https:\/\/obscom.intervozes.org.br\/index.php?rest_route=%2Fwp%2Fv2%2Fcategories&post=25133"},{"taxonomy":"post_tag","embeddable":true,"href":"https:\/\/obscom.intervozes.org.br\/index.php?rest_route=%2Fwp%2Fv2%2Ftags&post=25133"}],"curies":[{"name":"wp","href":"https:\/\/api.w.org\/{rel}","templated":true}]}}