{"id":25125,"date":"2010-11-29T15:59:41","date_gmt":"2010-11-29T15:59:41","guid":{"rendered":"https:\/\/obscom.intervozes.org.br\/wordpress\/?p=25125"},"modified":"2010-11-29T15:59:41","modified_gmt":"2010-11-29T15:59:41","slug":"entrada-de-bancos-e-varejo-na-telefonia-celular-nao-garante-reducao-de-tarifa","status":"publish","type":"post","link":"https:\/\/obscom.intervozes.org.br\/?p=25125","title":{"rendered":"Entrada de bancos e varejo na telefonia celular n\u00e3o garante redu\u00e7\u00e3o de tarifa"},"content":{"rendered":"<p><span class=\"padrao\">A aprova&ccedil;&atilde;o do operador virtual, que vai permitir que bancos e redes varejistas possam atuar no mercado de telefonia celular, n&atilde;o garante queda nos pre&ccedil;os do servi&ccedil;o. A avalia&ccedil;&atilde;o &eacute; da advogada do Instituto Brasileiro de Defesa do Consumidor (Idec) Veridiana Alimonti.<\/span><\/p>\n<p>&nbsp;<\/p>\n<p><span class=\"padrao\">&ldquo;A competi&ccedil;&atilde;o n&atilde;o &eacute; o &uacute;nico fator que determina o pre&ccedil;o das tarifas. Hoje a telefonia celular j&aacute; &eacute; uma das que mais t&ecirc;m concorr&ecirc;ncia dentro do mercado de telecomunica&ccedil;&otilde;es, e isso n&atilde;o garante uma tarifa baixa&rdquo;, disse a advogada, lembrando que as tarifas de telefonia celular do Brasil est&atilde;o entre as mais caras do mundo.<\/span><\/p>\n<p>&nbsp;<\/p>\n<p><span class=\"padrao\">A libera&ccedil;&atilde;o do mercado para a atua&ccedil;&atilde;o do operador virtual foi aprovada recentemente pela Ag&ecirc;ncia Nacional de Telecomunica&ccedil;&otilde;es (Anatel). Com a decis&atilde;o, as operadoras de telefonia celular poder&atilde;o vender a disponibilidade de suas redes para outras empresas, como bancos, redes varejistas e times de futebol.<\/span><\/p>\n<p>&nbsp;<\/p>\n<p><span class=\"padrao\">Essas empresas poder&atilde;o vender telefones e linhas e funcionar&atilde;o como representantes comerciais das operadoras. O operador virtual poder&aacute; ser um credenciado, que ir&aacute; alugar as redes das operadoras, ou um autorizado, que ter&aacute; obriga&ccedil;&otilde;es semelhantes &agrave;s de uma empresa tradicional de telefonia m&oacute;vel.<\/span><\/p>\n<p>&nbsp;<\/p>\n<p><span class=\"padrao\">Para a advogada do Idec, a entrada de novos competidores vai fazer com que aumente ainda mais o n&uacute;mero de consumidores de telefonia do pa&iacute;s, mas isso tem que ser acompanhado de um aumento de qualidade na infraestrutura e no atendimento.<\/span><\/p>\n<p>&nbsp;<\/p>\n<p><span class=\"padrao\">&ldquo;O que vemos hoje &eacute; que, como a maioria das pessoas que usa o celular no Brasil tem linhas pr&eacute;-pagas, as empresas acabam investindo muito em chamar consumidores e investem menos em infraestrutura, e a&iacute; a gente fica com muitos consumidores insatisfeitos&rdquo;, avalia.<\/span><\/p>\n<p>&nbsp;<\/p>\n<p><span class=\"padrao\">No Brasil, o n&uacute;mero de linhas de celulares habilitadas j&aacute; chegou a 194,4 milh&otilde;es, ultrapassando o n&uacute;mero de habitantes, que &eacute; de 193,5 milh&otilde;es, segundo o Instituto Brasileiro de Geografia e Estat&iacute;stica (IBGE) . Do total de acessos, 82,19% s&atilde;o linhas pr&eacute;-pagas.<\/span><\/p>\n<p>&nbsp;<\/p>\n<p><span class=\"padrao\">Veridiana Alimonti defende que a Anatel fiscalize de perto as mudan&ccedil;as e alerta que os consumidores v&atilde;o ter que ficar ainda mais atentos para comparar as vantagens de cada servi&ccedil;o. &ldquo;Essas outras empresas poder&atilde;o oferecer vantagens que hoje n&atilde;o existem atreladas &agrave; telefonia celular, como bancos oferecendo descontos para correntistas ou acesso gr&aacute;tis a servi&ccedil;os banc&aacute;rios no celular, por exemplo. Vai ser mais um elemento para consumidores colocar na balan&ccedil;a na hora de escolher a prestadora&rdquo;.<\/span><\/p>\n<p>&nbsp;<\/p>\n<p><span class=\"padrao\">Mesmo com a autoriza&ccedil;&atilde;o da Anatel, os bancos ainda devem demorar um tempo para come&ccedil;ar a oferecer o servi&ccedil;o. A Caixa e o Banco do Brasil informaram, por meio das assessorias de imprensa, que ainda est&atilde;o estudando a possibilidade de oferecer servi&ccedil;os por meio do Operador Virtual, mas ainda n&atilde;o t&ecirc;m projetos.<\/span><\/p>\n","protected":false},"excerpt":{"rendered":"<p>A aprova&ccedil;&atilde;o do operador virtual, que vai permitir que bancos e redes varejistas possam atuar no mercado de telefonia celular, n&atilde;o garante queda nos pre&ccedil;os do servi&ccedil;o. A avalia&ccedil;&atilde;o &eacute; da advogada do Instituto Brasileiro de Defesa do Consumidor (Idec) Veridiana Alimonti. &nbsp; &ldquo;A competi&ccedil;&atilde;o n&atilde;o &eacute; o &uacute;nico fator que determina o pre&ccedil;o das &hellip; <a href=\"https:\/\/obscom.intervozes.org.br\/?p=25125\" class=\"more-link\">Continue lendo <span class=\"screen-reader-text\">Entrada de bancos e varejo na telefonia celular n\u00e3o garante redu\u00e7\u00e3o de tarifa<\/span> <span class=\"meta-nav\">&rarr;<\/span><\/a><\/p>\n","protected":false},"author":1,"featured_media":0,"comment_status":"open","ping_status":"open","sticky":false,"template":"","format":"standard","meta":{"footnotes":""},"categories":[40],"tags":[645],"_links":{"self":[{"href":"https:\/\/obscom.intervozes.org.br\/index.php?rest_route=\/wp\/v2\/posts\/25125"}],"collection":[{"href":"https:\/\/obscom.intervozes.org.br\/index.php?rest_route=\/wp\/v2\/posts"}],"about":[{"href":"https:\/\/obscom.intervozes.org.br\/index.php?rest_route=\/wp\/v2\/types\/post"}],"author":[{"embeddable":true,"href":"https:\/\/obscom.intervozes.org.br\/index.php?rest_route=\/wp\/v2\/users\/1"}],"replies":[{"embeddable":true,"href":"https:\/\/obscom.intervozes.org.br\/index.php?rest_route=%2Fwp%2Fv2%2Fcomments&post=25125"}],"version-history":[{"count":0,"href":"https:\/\/obscom.intervozes.org.br\/index.php?rest_route=\/wp\/v2\/posts\/25125\/revisions"}],"wp:attachment":[{"href":"https:\/\/obscom.intervozes.org.br\/index.php?rest_route=%2Fwp%2Fv2%2Fmedia&parent=25125"}],"wp:term":[{"taxonomy":"category","embeddable":true,"href":"https:\/\/obscom.intervozes.org.br\/index.php?rest_route=%2Fwp%2Fv2%2Fcategories&post=25125"},{"taxonomy":"post_tag","embeddable":true,"href":"https:\/\/obscom.intervozes.org.br\/index.php?rest_route=%2Fwp%2Fv2%2Ftags&post=25125"}],"curies":[{"name":"wp","href":"https:\/\/api.w.org\/{rel}","templated":true}]}}