{"id":25123,"date":"2010-11-29T15:33:31","date_gmt":"2010-11-29T15:33:31","guid":{"rendered":"https:\/\/obscom.intervozes.org.br\/wordpress\/?p=25123"},"modified":"2010-11-29T15:33:31","modified_gmt":"2010-11-29T15:33:31","slug":"bertotti-avalia-que-debate-sobre-midia-passa-por-rever-concessoes-de-radio-e-tv","status":"publish","type":"post","link":"https:\/\/obscom.intervozes.org.br\/?p=25123","title":{"rendered":"Bertotti avalia que debate sobre m\u00eddia passa por rever concess\u00f5es de r\u00e1dio e TV"},"content":{"rendered":"<p><span class=\"padrao\">A mobiliza&ccedil;&atilde;o dos movimentos sociais e sindicais s&atilde;o respons&aacute;veis pelo atual debate sobre regula&ccedil;&atilde;o da comunica&ccedil;&atilde;o no Brasil. Rosane Bertotti, diretora de comunica&ccedil;&atilde;o da Central &Uacute;nica dos Trabalhadores (CUT), entende que a milit&acirc;ncia pela democratiza&ccedil;&atilde;o do setor vai crescer ainda mais no pa&iacute;s.<\/span><\/p>\n<p>&nbsp;<\/p>\n<p><span class=\"padrao\">A defesa da sindicalista corrobora a declara&ccedil;&atilde;o do ministro da Secretaria de Comunica&ccedil;&atilde;o Social da Presid&ecirc;ncia, Franklin Martins, em semin&aacute;rio sobre liberdade de imprensa, no qual afirmou que o debate &eacute; m&eacute;rito da sociedade, &quot;que conquistou a duras penas uma compreens&atilde;o profunda de que a liberdade de imprensa &eacute; algo absolutamente indispens&aacute;vel para o exerc&iacute;cio da democracia.&quot;<\/span><\/p>\n<p>&nbsp;<\/p>\n<p><span class=\"padrao\">Bertotti acrescenta que a participa&ccedil;&atilde;o social no debate foi fortalecida com a realiza&ccedil;&atilde;o da Confer&ecirc;ncia de Comunica&ccedil;&atilde;o (Confecom), em dezembro passado. No entanto, adverte sobre a necessidade de fazer com que as quest&otilde;es levantadas na confer&ecirc;ncia n&atilde;o sejam esquecidas. &quot;N&atilde;o h&aacute; como democratizar sem mudar a estrutura de concess&atilde;o, que foi muito debatida na confer&ecirc;ncia&quot;.<\/span><\/p>\n<p>&nbsp;<\/p>\n<p><span class=\"padrao\">Durante a Confecom, foi consenso que &eacute; preciso estabelecer a proibi&ccedil;&atilde;o de subloca&ccedil;&atilde;o de espa&ccedil;os na programa&ccedil;&atilde;o e estudar o estabelecimento de crit&eacute;rios mais r&iacute;gidos para outorgas e renova&ccedil;&atilde;o de concess&otilde;es, este &uacute;ltimo visando a impedir a forma&ccedil;&atilde;o de monop&oacute;lios midi&aacute;ticos.<\/span><\/p>\n<p>&nbsp;<\/p>\n<p><span class=\"padrao\">Bertotti tamb&eacute;m faz destaque ao or&ccedil;amento estrondoso que as empresas de telecomunica&ccedil;&otilde;es alcan&ccedil;aram este ano, e afirma ser consequ&ecirc;ncia da n&atilde;o regulamenta&ccedil;&atilde;o p&uacute;blica. Para ela,da maneira como o setor &eacute; conduzido no Brasil, o pr&oacute;prio mercado ou o capital acabam fazendo a regulamenta&ccedil;&atilde;o, que passa a ser uma esp&eacute;cie &quot;do que quem &eacute; maior, pode mais&quot;.<\/span><\/p>\n<p>&nbsp;<\/p>\n<p><span class=\"padrao\">Os motivos, segundo Bertotti, s&atilde;o relacionados &agrave; legisla&ccedil;&atilde;o que rege o setor, que n&atilde;o leva em considera&ccedil;&atilde;o a situa&ccedil;&atilde;o tecnol&oacute;gica e o debate sobre liberdade de imprensa. &quot;Ou n&oacute;s entramos nesse processo para definir aquilo que a gente quer da comunica&ccedil;&atilde;o brasileira ou ent&atilde;o o Brasil ficar&aacute; para tr&aacute;s&quot;. Para ela, isso levaria &agrave; perda de qualidade na produ&ccedil;&atilde;o do conte&uacute;do informativo, al&eacute;m de haver uma deprecia&ccedil;&atilde;o ao processo democr&aacute;tico. &quot;Precisamos continuar essa discuss&atilde;o na linha das propostas e do enfrentamento&rdquo;, defende a sindicalista.<\/span><\/p>\n<p>&nbsp;<\/p>\n<p><span class=\"padrao\">Espa&ccedil;o ao trabalhador<\/span><\/p>\n<p>&nbsp;<\/p>\n<p><span class=\"padrao\">Rosane acredita que a luta pela democratiza&ccedil;&atilde;o da m&iacute;dia j&aacute; come&ccedil;ou antes mesmo da consolida&ccedil;&atilde;o de um marco regulat&oacute;rio. Ela cita um projeto articulado dentro da CUT e que j&aacute; encontra-se em tramita&ccedil;&atilde;o no Congresso Nacional, em que as emissoras de r&aacute;dio e televis&atilde;o ser&atilde;o obrigadas a conceder &agrave;s centrais sindicais hor&aacute;rio gratuito na programa&ccedil;&atilde;o. Se aprovada, a transmiss&atilde;o dever&aacute; ser, obrigatoriamente, de mat&eacute;rias de interesse do trabalhador e da sociedade. O texto, que tramita em car&aacute;ter conclusivo, j&aacute; passou pela Comiss&atilde;o de Trabalho na C&acirc;mara e ser&aacute; analisado pelas comiss&otilde;es de Ci&ecirc;ncia e Tecnologia, Comunica&ccedil;&atilde;o e Inform&aacute;tica; e de Constitui&ccedil;&atilde;o e Justi&ccedil;a e de Cidadania.<\/span><\/p>\n","protected":false},"excerpt":{"rendered":"<p>A mobiliza&ccedil;&atilde;o dos movimentos sociais e sindicais s&atilde;o respons&aacute;veis pelo atual debate sobre regula&ccedil;&atilde;o da comunica&ccedil;&atilde;o no Brasil. Rosane Bertotti, diretora de comunica&ccedil;&atilde;o da Central &Uacute;nica dos Trabalhadores (CUT), entende que a milit&acirc;ncia pela democratiza&ccedil;&atilde;o do setor vai crescer ainda mais no pa&iacute;s. &nbsp; A defesa da sindicalista corrobora a declara&ccedil;&atilde;o do ministro da Secretaria &hellip; <a href=\"https:\/\/obscom.intervozes.org.br\/?p=25123\" class=\"more-link\">Continue lendo <span class=\"screen-reader-text\">Bertotti avalia que debate sobre m\u00eddia passa por rever concess\u00f5es de r\u00e1dio e TV<\/span> <span class=\"meta-nav\">&rarr;<\/span><\/a><\/p>\n","protected":false},"author":1,"featured_media":0,"comment_status":"open","ping_status":"open","sticky":false,"template":"","format":"standard","meta":{"footnotes":""},"categories":[40],"tags":[830],"_links":{"self":[{"href":"https:\/\/obscom.intervozes.org.br\/index.php?rest_route=\/wp\/v2\/posts\/25123"}],"collection":[{"href":"https:\/\/obscom.intervozes.org.br\/index.php?rest_route=\/wp\/v2\/posts"}],"about":[{"href":"https:\/\/obscom.intervozes.org.br\/index.php?rest_route=\/wp\/v2\/types\/post"}],"author":[{"embeddable":true,"href":"https:\/\/obscom.intervozes.org.br\/index.php?rest_route=\/wp\/v2\/users\/1"}],"replies":[{"embeddable":true,"href":"https:\/\/obscom.intervozes.org.br\/index.php?rest_route=%2Fwp%2Fv2%2Fcomments&post=25123"}],"version-history":[{"count":0,"href":"https:\/\/obscom.intervozes.org.br\/index.php?rest_route=\/wp\/v2\/posts\/25123\/revisions"}],"wp:attachment":[{"href":"https:\/\/obscom.intervozes.org.br\/index.php?rest_route=%2Fwp%2Fv2%2Fmedia&parent=25123"}],"wp:term":[{"taxonomy":"category","embeddable":true,"href":"https:\/\/obscom.intervozes.org.br\/index.php?rest_route=%2Fwp%2Fv2%2Fcategories&post=25123"},{"taxonomy":"post_tag","embeddable":true,"href":"https:\/\/obscom.intervozes.org.br\/index.php?rest_route=%2Fwp%2Fv2%2Ftags&post=25123"}],"curies":[{"name":"wp","href":"https:\/\/api.w.org\/{rel}","templated":true}]}}