{"id":25119,"date":"2010-11-26T16:47:26","date_gmt":"2010-11-26T16:47:26","guid":{"rendered":"https:\/\/obscom.intervozes.org.br\/wordpress\/?p=25119"},"modified":"2014-09-07T03:01:14","modified_gmt":"2014-09-07T03:01:14","slug":"para-oab-ba-conselho-estadual-e-constitucional-e-nao-ameaca-a-liberdade-de-expressao","status":"publish","type":"post","link":"https:\/\/obscom.intervozes.org.br\/?p=25119","title":{"rendered":"Para OAB-BA, Conselho estadual \u00e9 constitucional e n\u00e3o amea\u00e7a a liberdade de express\u00e3o"},"content":{"rendered":"<p><span class=\"padrao\">Ap&oacute;s a ofensiva, as propostas de implementa&ccedil;&atilde;o de Conselhos Estaduais come&ccedil;am a ser compreendidas e desmitificadas. Nesta quinta-feira, dia 25 de novembro, o presidente da Ordem dos Advogados do Brasil (OAB), se&ccedil;&atilde;o Bahia, Saul Quadros, se pronunciou de forma favor&aacute;vel &agrave; minuta do Projeto de Lei que visa regulamentar o Conselho local. Quadros enfatizou os aspectos constitucionais da proposta e as aus&ecirc;ncias dos termos &quot;controle&quot;, &quot;monitoramento&quot; e &quot;fiscaliza&ccedil;&atilde;o&quot;, para o qual se configuram amea&ccedil;as as liberdades de express&atilde;o e imprensa.<\/span><\/p>\n<p>&nbsp;<\/p>\n<p><span class=\"padrao\">O gesto ocorreu durante Audi&ecirc;ncia P&uacute;blica na Assembl&eacute;ia Legislativa (AL) convocada pelo deputado estadual Carlos Gaban (DEM), para tratar do tema. O presidente da OAB lembrou aos presentes que o Projeto est&aacute; &quot;atrasado&quot;, porque h&aacute; 21 anos j&aacute; deveria ser colocado para aprecia&ccedil;&atilde;o da Casa, quando foi aprovada a Constitui&ccedil;&atilde;o Estadual, que no seu Artigo 227, par&aacute;gro 2&ordm;, cita o Conselho Estadual. A OAB nacional havia condenado os Conselhos Estaduais, quando no Cear&aacute; foi aprovada a instala&ccedil;&atilde;o pela AL, e se prontificou em defender o car&aacute;ter inconstitucional das propostas.<\/span><\/p>\n<p>&nbsp;<\/p>\n<p><span class=\"padrao\">Durante a Audi&ecirc;ncia os objetivos do Conselho foram defendidos por parlamentares, empres&aacute;rios, organiza&ccedil;&otilde;es da sociedade civil e pelo Secret&aacute;rio da Assessoria Geral de Comunica&ccedil;&atilde;o do Estado, Robinson Almeida, convidado a explanar a cerca da minuta.<\/span><\/p>\n<p>&nbsp;<\/p>\n<p><span class=\"padrao\">O deputado estadual Carlos Gaban iniciou a se&ccedil;&atilde;o considerando o Projeto inconstitucional e amea&ccedil;a as liberdades, ao t&eacute;rmimo comentou estar desfeito do &quot;temor&quot; e se mostrou disposto a integrar as pr&oacute;ximas audi&ecirc;ncias para aprova&ccedil;&atilde;o do Projeto. O deputado &Aacute;lvaro Gomes (PCdoB) aproveitou a se&ccedil;&atilde;o para lan&ccedil;ar a Frente Parlamentar pela Democratiza&ccedil;&atilde;o da Comunica&ccedil;&atilde;o e o colega Z&eacute; Neto (PT) ressaltou a necessidade de investimentos na radiodifus&atilde;o comunit&aacute;ria, que segundo ele &eacute; vulner&aacute;vel as press&otilde;es pol&iacute;ticas, devido &agrave; aus&ecirc;ncia de mecanismos de sustentabilidade.<\/span><\/p>\n<p>&nbsp;<\/p>\n<p><span class=\"padrao\">Tamb&eacute;m se posicionaram favor&aacute;veis ao <a href=\"http:\/\/localhost\/intervozes_direitoacomunicacao\/wordpress\/?p=24273\">Projeto de Lei<\/a>  membros do Grupo de Trabalho (GT) que desenvolveu a proposta, a come&ccedil;ar pelas entidades da sociedade civil no GT, indicados pela ent&atilde;o Comiss&atilde;o Pr&oacute; Confer&ecirc;ncia de Comunica&ccedil;&atilde;o, em novembro de 2009: Uni&atilde;o Brasileira de Mulheres (UBM), o Intervozes &#8211; Coletivo Brasil de Comunica&ccedil;&atilde;o Social, Central dos Trabalhores (as) do Brasil (CTB) e Cip&oacute; Comunica&ccedil;&atilde;o Interativa. Tamb&eacute;m se posicionu a favor a maior entidade empresarial local, a Associa&ccedil;&atilde;o Baiana do Mercado Publicit&aacute;rio (ABMP), que congrega ag&ecirc;ncias de publicidade, emissoras de radiodifus&atilde;o, jornais impressos e produtoras de v&iacute;deos. J&aacute; o representante da Associa&ccedil;&atilde;o Baiana de Imprensa (ABI), Augustinho Muniz, citou que o futuro Projeto de Lei ainda est&aacute; sob forte inger&ecirc;ncia estatal para realizar com autonomia suas finalidades deliberativas.<\/span><\/p>\n<p>&nbsp;<\/p>\n<p><strong><span class=\"padrao\">A minuta<\/span><\/strong><\/p>\n<p>&nbsp;<\/p>\n<p><span class=\"padrao\">O Secret&aacute;rio Robinson Almeida caracterizou as cr&iacute;ticas negativas como oriundas da desinforma&ccedil;&atilde;o e ressaltou que compete ao Conselho auxiliar o executivo na sua pol&iacute;tica para o setor, sem chocar com as atribui&ccedil;&otilde;es da Uni&atilde;o. Almeida tamb&eacute;m fez retrospecto do processo de participa&ccedil;&atilde;o social para legitimidade da proposta. A realiza&ccedil;&atilde;o da pioneira Confer&ecirc;ncia Estadual em 2008 e a etapa local da I Confer&ecirc;ncia Nacional de Comunica&ccedil;&atilde;o (Confecom) culminaram no GT composto por empres&aacute;rios, governo e sociedade civil, que redigiu a minuta sob consenso, que almeja ser aprovada ao longo de 2011.<\/span><\/p>\n<p>&nbsp;<\/p>\n<p><span class=\"padrao\">O secret&aacute;rio norteou a defesa sob tr&ecirc;s objetivos: I)regular e dinamizar a atividade econ&ocirc;mica; II) valorizar e proteger a identidade cultural; III) inclus&atilde;o e alfabetiza&ccedil;&atilde;o digital. A minuta foi apresentada pela primeira vez e d&aacute; ao Conselho perfil deliberativo e consultivo, com uma composi&ccedil;&atilde;o de 25 membros, sendo sete do poder executivo e 18 distribu&iacute;dos entre empres&aacute;rios, conselhos de classe, universidade, organiza&ccedil;&otilde;es n&atilde;o governamentais, representantes dos trabalhadores, radiodifusores comunit&aacute;rios e movimentos sociais. Os integrantes sem indica&ccedil;&atilde;o do governo devem passar por elei&ccedil;&otilde;es apropriadas para cada segmento. <\/span><\/p>\n<p>&nbsp;<\/p>\n<p>&nbsp;<\/p>\n","protected":false},"excerpt":{"rendered":"<p>A se&ccedil;&atilde;o baiana da entidade defende projeto em tramita&ccedil;&atilde;o na Assembleia Legislativa local<\/p>\n","protected":false},"author":1,"featured_media":0,"comment_status":"open","ping_status":"open","sticky":false,"template":"","format":"standard","meta":{"footnotes":""},"categories":[40],"tags":[866],"_links":{"self":[{"href":"https:\/\/obscom.intervozes.org.br\/index.php?rest_route=\/wp\/v2\/posts\/25119"}],"collection":[{"href":"https:\/\/obscom.intervozes.org.br\/index.php?rest_route=\/wp\/v2\/posts"}],"about":[{"href":"https:\/\/obscom.intervozes.org.br\/index.php?rest_route=\/wp\/v2\/types\/post"}],"author":[{"embeddable":true,"href":"https:\/\/obscom.intervozes.org.br\/index.php?rest_route=\/wp\/v2\/users\/1"}],"replies":[{"embeddable":true,"href":"https:\/\/obscom.intervozes.org.br\/index.php?rest_route=%2Fwp%2Fv2%2Fcomments&post=25119"}],"version-history":[{"count":1,"href":"https:\/\/obscom.intervozes.org.br\/index.php?rest_route=\/wp\/v2\/posts\/25119\/revisions"}],"predecessor-version":[{"id":28198,"href":"https:\/\/obscom.intervozes.org.br\/index.php?rest_route=\/wp\/v2\/posts\/25119\/revisions\/28198"}],"wp:attachment":[{"href":"https:\/\/obscom.intervozes.org.br\/index.php?rest_route=%2Fwp%2Fv2%2Fmedia&parent=25119"}],"wp:term":[{"taxonomy":"category","embeddable":true,"href":"https:\/\/obscom.intervozes.org.br\/index.php?rest_route=%2Fwp%2Fv2%2Fcategories&post=25119"},{"taxonomy":"post_tag","embeddable":true,"href":"https:\/\/obscom.intervozes.org.br\/index.php?rest_route=%2Fwp%2Fv2%2Ftags&post=25119"}],"curies":[{"name":"wp","href":"https:\/\/api.w.org\/{rel}","templated":true}]}}