{"id":25118,"date":"2010-11-26T14:43:33","date_gmt":"2010-11-26T14:43:33","guid":{"rendered":"https:\/\/obscom.intervozes.org.br\/wordpress\/?p=25118"},"modified":"2010-11-26T14:43:33","modified_gmt":"2010-11-26T14:43:33","slug":"abertas-as-inscricoes-para-audiencia-publica-do-conselho-curador-da-ebc-em-belo-horizonte","status":"publish","type":"post","link":"https:\/\/obscom.intervozes.org.br\/?p=25118","title":{"rendered":"Abertas as inscri\u00e7\u00f5es para audi\u00eancia p\u00fablica do Conselho Curador da EBC em Belo Horizonte"},"content":{"rendered":"<p><span class=\"padrao\">O Conselho Curador da EBC est&aacute; recebendo inscri&ccedil;&otilde;es para a segunda Audi&ecirc;ncia P&uacute;blica que acontecer&aacute; dia 7 de dezembro em Belo Horizonte (MG). A audi&ecirc;ncia p&uacute;blica, realizada semestralmente pelo &oacute;rg&atilde;o (no primeiro semestre a atividade ocorreu no Rio de Janeiro), tem como objetivo recolher cr&iacute;ticas e sugest&otilde;es da sociedade em rela&ccedil;&atilde;o &agrave; programa&ccedil;&atilde;o veiculada pela TV Brasil, cuja programa&ccedil;&atilde;o &eacute; recebida pelos telespectadores da capital mineira por meio da Rede Minas, emissora que comp&otilde;e a Rede P&uacute;blica de Televis&atilde;o.<\/span><\/p>\n<p>&nbsp;<\/p>\n<p><span class=\"padrao\">Para se inscrever &eacute; necess&aacute;rio enviar at&eacute; o dia 06 de dezembro, &agrave;s 14h, nome completo, RG e a entidade que o inscrito representar&aacute; na audi&ecirc;ncia, se for o caso, para o e-mail&nbsp;conselho.curador@ebc.com.br. Informando tamb&eacute;m se pretende fazer uso da palavra no momento da audi&ecirc;ncia.<\/span><\/p>\n<p>&nbsp;<\/p>\n<p><span class=\"padrao\">Contribui&ccedil;&otilde;es por escrito poder&atilde;o ser enviadas com anteced&ecirc;ncia para o mesmo endere&ccedil;o eletr&ocirc;nico e ser&atilde;o remetidas a todos os membros do Conselho Curador.<\/span><\/p>\n<p>&nbsp;<\/p>\n<p><span class=\"padrao\">A audi&ecirc;ncia ocorrer&aacute; no Conservat&oacute;rio de M&uacute;sica da UFMG, no Centro de Belo Horizonte, das 13h30 &agrave;s 17h30. Haver&aacute; transmiss&atilde;o pela Internet e os internautas tamb&eacute;m poder&atilde;o enviar suas considera&ccedil;&otilde;es por meio do chat, que ser&atilde;o, na medida do poss&iacute;vel, lidas presencialmente.<\/span><\/p>\n","protected":false},"excerpt":{"rendered":"<p>O Conselho Curador da EBC est&aacute; recebendo inscri&ccedil;&otilde;es para a segunda Audi&ecirc;ncia P&uacute;blica que acontecer&aacute; dia 7 de dezembro em Belo Horizonte (MG). A audi&ecirc;ncia p&uacute;blica, realizada semestralmente pelo &oacute;rg&atilde;o (no primeiro semestre a atividade ocorreu no Rio de Janeiro), tem como objetivo recolher cr&iacute;ticas e sugest&otilde;es da sociedade em rela&ccedil;&atilde;o &agrave; programa&ccedil;&atilde;o veiculada pela &hellip; <a href=\"https:\/\/obscom.intervozes.org.br\/?p=25118\" class=\"more-link\">Continue lendo <span class=\"screen-reader-text\">Abertas as inscri\u00e7\u00f5es para audi\u00eancia p\u00fablica do Conselho Curador da EBC em Belo Horizonte<\/span> <span class=\"meta-nav\">&rarr;<\/span><\/a><\/p>\n","protected":false},"author":1,"featured_media":0,"comment_status":"open","ping_status":"open","sticky":false,"template":"","format":"standard","meta":{"footnotes":""},"categories":[40],"tags":[259],"_links":{"self":[{"href":"https:\/\/obscom.intervozes.org.br\/index.php?rest_route=\/wp\/v2\/posts\/25118"}],"collection":[{"href":"https:\/\/obscom.intervozes.org.br\/index.php?rest_route=\/wp\/v2\/posts"}],"about":[{"href":"https:\/\/obscom.intervozes.org.br\/index.php?rest_route=\/wp\/v2\/types\/post"}],"author":[{"embeddable":true,"href":"https:\/\/obscom.intervozes.org.br\/index.php?rest_route=\/wp\/v2\/users\/1"}],"replies":[{"embeddable":true,"href":"https:\/\/obscom.intervozes.org.br\/index.php?rest_route=%2Fwp%2Fv2%2Fcomments&post=25118"}],"version-history":[{"count":0,"href":"https:\/\/obscom.intervozes.org.br\/index.php?rest_route=\/wp\/v2\/posts\/25118\/revisions"}],"wp:attachment":[{"href":"https:\/\/obscom.intervozes.org.br\/index.php?rest_route=%2Fwp%2Fv2%2Fmedia&parent=25118"}],"wp:term":[{"taxonomy":"category","embeddable":true,"href":"https:\/\/obscom.intervozes.org.br\/index.php?rest_route=%2Fwp%2Fv2%2Fcategories&post=25118"},{"taxonomy":"post_tag","embeddable":true,"href":"https:\/\/obscom.intervozes.org.br\/index.php?rest_route=%2Fwp%2Fv2%2Ftags&post=25118"}],"curies":[{"name":"wp","href":"https:\/\/api.w.org\/{rel}","templated":true}]}}