{"id":25116,"date":"2010-11-25T16:51:31","date_gmt":"2010-11-25T16:51:31","guid":{"rendered":"https:\/\/obscom.intervozes.org.br\/wordpress\/?p=25116"},"modified":"2010-11-25T16:51:31","modified_gmt":"2010-11-25T16:51:31","slug":"concentracao-cresce-nas-telecomunicacoes-do-pais","status":"publish","type":"post","link":"https:\/\/obscom.intervozes.org.br\/?p=25116","title":{"rendered":"Concentra\u00e7\u00e3o cresce nas telecomunica\u00e7\u00f5es do pa\u00eds"},"content":{"rendered":"<p><span class=\"padrao\">Em compasso com o que ocorre no resto do mundo, o mercado de telecomunica&ccedil;&otilde;es no Brasil est&aacute; cada vez mais oligopolizado. Movimentos recentes das empresas do setor comprovam a tend&ecirc;ncia. Este ano a Portugal Telecom (PT), de Portugal, comprou parte da Oi. Em contrapartida, a PT vendeu sua participa&ccedil;&atilde;o na Vivo para a Telef&ocirc;nica.<\/span><\/p>\n<p>&nbsp;<\/p>\n<p><span class=\"padrao\">A transa&ccedil;&atilde;o foi anunciada pela Portugal Telecom em 28 de julho deste ano. A empresa afirmou que pretende adquirir at&eacute; 22,4% das a&ccedil;&otilde;es da Oi &#8211; a um custo de cerca de R$ 8 bilh&otilde;es -, o que a deixaria na posi&ccedil;&atilde;o de maior acionista da Oi. A PT tem metade de suas receitas no mercado internacional, basicamente nos pa&iacute;ses de l&iacute;ngua portuguesa. <\/span><\/p>\n<p>&nbsp;<\/p>\n<p><span class=\"padrao\">O presidente da Oi, Luiz Eduardo Falco, acredita que a uni&atilde;o entre as operadoras vai gerar ganhos para ambas. Ele prev&ecirc;, por exemplo, a possibilidade de compras conjuntas de equipamentos de rede. <\/span><\/p>\n<p>&nbsp;<\/p>\n<p><span class=\"padrao\">Essa opera&ccedil;&atilde;o foi condi&ccedil;&atilde;o para que a a PT vendesse sua parte na Vivo &agrave; Telef&ocirc;nica. Ao assumir o controle da Vivo, a Telef&oacute;nica passa a ser a maior empresa de telecomunica&ccedil;&otilde;es do pa&iacute;s, tanto em receita quanto em n&uacute;mero de assinantes. Segundo reportagem da revista CartaCapital, o faturamento da empresa espanhola deve ser da ordem de R$ 32 bilh&otilde;es anuais, ante R$ 29,9 bilh&otilde;es da Oi\/Portugal Telecom. A nova companhia ainda ter&aacute; 68,4 milh&otilde;es de clientes, ante 62,3 milh&otilde;es da &ldquo;supertele&rdquo;, agora luso-brasileira. <\/span><\/p>\n<p>&nbsp;<\/p>\n<p><span class=\"padrao\">No entanto, o impacto desse tipo de acordo comercial no mercado dificilmente &eacute; motivo para desfazer uma opera&ccedil;&atilde;o. A Ag&ecirc;ncia Nacional de Telecomunica&ccedil;&otilde;es (Anatel), por exemplo, emitiu em 29 de outubro deste ano sua anu&ecirc;ncia para entrada da Portugal Telecom no bloco de controle da Oi. O Cade (Conselho Administrativo de Defesa Econ&ocirc;mica) ainda n&atilde;o emitiu parecer sobre o assunto. <\/span><\/p>\n<p>&nbsp;<\/p>\n<p><strong><span class=\"padrao\">Falta controle<\/span><\/strong><\/p>\n<p>&nbsp;<\/p>\n<p><span class=\"padrao\">A permiss&atilde;o que a Anatel vem dando a esses processos de mudan&ccedil;as societ&aacute;rias &eacute; outro por&eacute;m. O Tribunal de Contas da Uni&atilde;o (TCU) tem questionado os acordos feitos entre a Anatel e as concession&aacute;rias. Neste &uacute;ltimo caso, envolvendo PT e Oi, o TCU avaliou que as condicionantes impostas pela ag&ecirc;ncia n&atilde;o avaliaram corretamente os impactos anticoncorrenciais que a fus&atilde;o deve gerar.<\/span><\/p>\n<p>&nbsp;<\/p>\n<p><span class=\"padrao\">O parecer do TCU sobre a fus&atilde;o da Brasil Telecom com a Oi tamb&eacute;m criticou a atua&ccedil;&atilde;o da Anatel. O Tribunal afirmou que as condicionantes feitas pela ag&ecirc;ncia reguladora foram todas sugeridas pela pr&oacute;pria beneficiada. Al&eacute;m disso, parte delas eram obriga&ccedil;&otilde;es legais ou regulamentares j&aacute; existentes, demonstrando falta de um controle mais r&iacute;gido por parte do &oacute;rg&atilde;o regulador. <\/span><\/p>\n<p>&nbsp;<\/p>\n<p><span class=\"padrao\">&ldquo;O capitalismo hoje &eacute; global e, se o pa&iacute;ses fazem esfor&ccedil;os enormes para atra&iacute;rem capital estrangeiro, a essas ag&ecirc;ncias cabe mais &eacute; referendar esses movimentos, consumando fatos j&aacute; criados&rdquo;, comenta o professor da Unisinos Val&eacute;rio Brittos. <\/span><\/p>\n<p>&nbsp;<\/p>\n<p><span class=\"padrao\">Dessa forma, as fus&otilde;es seguem acontecendo sem entraves e imposi&ccedil;&atilde;o de condicionantes mais agressivas por parte do poder p&uacute;blico. &ldquo;A competi&ccedil;&atilde;o entre operadoras &eacute; vista na Anatel como um inconveniente maior, capaz de colocar em risco o objetivo principal. Sendo assim, todo o resto &eacute; acess&oacute;rio, inclusive o direito que todo o cidad&atilde;o tem ao acesso aos servi&ccedil;os de telecomunica&ccedil;&otilde;es. Para verificar na pr&aacute;tica o que estou dizendo, basta ir a S&atilde;o Sebasti&atilde;o, periferia de Bras&iacute;lia, para constatar que a 15 KM da Anatel e do Minist&eacute;rio das Comunica&ccedil;&otilde;es nenhuma empresa oferece banda larga&rdquo;, critica o presidente da Federa&ccedil;&atilde;o Interestadual dos Trabalhadores em Telecomunica&ccedil;&otilde;es (Fittel), Br&iacute;gido Ramos. <\/span><\/p>\n<p>&nbsp;<\/p>\n<p><span class=\"padrao\">Depois da movimenta&ccedil;&atilde;o entre PT e Oi, Telef&ocirc;nica e Vivo, se cogita outra grande fus&atilde;o. Segundo o jornal <em>O Estado de S. Paulo<\/em> existe um processo de unifica&ccedil;&atilde;o entre tr&ecirc;s gigantes ligadas ao grupo Am&eacute;rica Movilles, do mexicano Carlos Slim: a operadora de celular Claro, a operadora de telefonia fixa Embratel e a Net, que oferece TV paga e banda larga. No entanto, esse neg&oacute;cio ainda n&atilde;o foi oficializado.<\/span><\/p>\n<p>&nbsp;<\/p>\n<p><span class=\"padrao\">Assim como em outros setores da economia, a oligopoliza&ccedil;&atilde;o das telecomunica&ccedil;&otilde;es pode trazer grandes preju&iacute;zos aos cidad&atilde;os. N&atilde;o &eacute; &agrave; toa que a falta de concorr&ecirc;ncia &eacute; apontada por especialistas como um fator determinante para termos servi&ccedil;os de telefonia e internet entre os piores do mundo. E por isso tamb&eacute;m que um dos eixos do Programa Nacional de Banda Larga &eacute; o est&iacute;mulo &agrave; concorr&ecirc;ncia. <\/span><\/p>\n<p>&nbsp;<\/p>\n<p><span class=\"padrao\">O presidente da Fittel at&eacute; acredita que a fus&atilde;o entre Oi e PT pode gerar certos barateamentos de servi&ccedil;os, advindos dos ganhos de escala que ser&atilde;o gerados. &ldquo;Mas a quest&atilde;o n&atilde;o &eacute; essa. O fato &eacute; que os brasileiros pagam muito mais por um servi&ccedil;o do que a maioria dos habitantes do planeta. Pesquisa da UIT\/ONU feita no ano passado revela que o pa&iacute;s &eacute; o 114&ordm; colocado entre 150, no que diz respeito ao comprometimento da renda com servi&ccedil;os de telecomunica&ccedil;&otilde;es&rdquo;, avalia Br&iacute;gido Ramos.<\/span><\/p>\n<p>&nbsp;<\/p>\n<p><strong><span class=\"padrao\">Internacionaliza&ccedil;&atilde;o<\/span><\/strong><\/p>\n<p>&nbsp;<\/p>\n<p><span class=\"padrao\">Outro risco previsto na opera&ccedil;&atilde;o da Oi &eacute; de sua desnacionaliza&ccedil;&atilde;o. Apesar de o presidente Lula ter afirmado que a empresa continuar&aacute; &ldquo;brasileira da silva&rdquo;, a transfer&ecirc;ncia do controle da Oi n&atilde;o parece ser apenas uma altera&ccedil;&atilde;o societ&aacute;ria. Ela tamb&eacute;m pode significar mudan&ccedil;as de atua&ccedil;&atilde;o no mercado, j&aacute; que a PT pretende ter for&ccedil;a nas defini&ccedil;&otilde;es estrat&eacute;gicas da Oi. &ldquo;N&atilde;o estamos investindo para ser mais um minorit&aacute;rio&rdquo;, disse o presidente executivo da PT, Zeinal Bava, em teleconfer&ecirc;ncia com analistas.<\/span><\/p>\n<p>&nbsp;<\/p>\n<p><span class=\"padrao\">De certa forma, fica no ar um suposta contradi&ccedil;&atilde;o com o discurso anterior do governo no momento da fus&atilde;o da Brasil Telecom com a Oi (BrOi), em que pretendia-se criar uma &ldquo;supertele&rdquo; nacional para competir com as operadoras internacionais. Agora, enquanto o Cade ainda nem emitiu um parecer favor&aacute;vel a essa transa&ccedil;&atilde;o da BrOi, ele pr&oacute;prio ter&aacute; que se debru&ccedil;ar sobre outra mudan&ccedil;a societ&aacute;ria na Oi, envolvendo um grupo estrangeiro.&nbsp; &ldquo;Al&eacute;m de contradit&oacute;rio, o discurso do governo foi enganoso. N&atilde;o sei se foi ato premeditado da parte do governo, com o intuito de desmobilizar a sociedade organizada e os trabalhadores da Brasil Telecom, mas o fato &eacute; que o discurso nacionalista n&atilde;o foi sincero, foi propaganda&rdquo;, opina Br&iacute;gido Ramos. <\/span><\/p>\n<p>&nbsp;<\/p>\n","protected":false},"excerpt":{"rendered":"<p>Com controle acion&aacute;rio cada vez mais restrito das empresas que operam no setor os usu&aacute;rios estam sujeitos a pre&ccedil;os elevados e servi&ccedil;os prec&aacute;rios<\/p>\n","protected":false},"author":1,"featured_media":0,"comment_status":"open","ping_status":"open","sticky":false,"template":"","format":"standard","meta":{"footnotes":""},"categories":[40],"tags":[1036],"_links":{"self":[{"href":"https:\/\/obscom.intervozes.org.br\/index.php?rest_route=\/wp\/v2\/posts\/25116"}],"collection":[{"href":"https:\/\/obscom.intervozes.org.br\/index.php?rest_route=\/wp\/v2\/posts"}],"about":[{"href":"https:\/\/obscom.intervozes.org.br\/index.php?rest_route=\/wp\/v2\/types\/post"}],"author":[{"embeddable":true,"href":"https:\/\/obscom.intervozes.org.br\/index.php?rest_route=\/wp\/v2\/users\/1"}],"replies":[{"embeddable":true,"href":"https:\/\/obscom.intervozes.org.br\/index.php?rest_route=%2Fwp%2Fv2%2Fcomments&post=25116"}],"version-history":[{"count":0,"href":"https:\/\/obscom.intervozes.org.br\/index.php?rest_route=\/wp\/v2\/posts\/25116\/revisions"}],"wp:attachment":[{"href":"https:\/\/obscom.intervozes.org.br\/index.php?rest_route=%2Fwp%2Fv2%2Fmedia&parent=25116"}],"wp:term":[{"taxonomy":"category","embeddable":true,"href":"https:\/\/obscom.intervozes.org.br\/index.php?rest_route=%2Fwp%2Fv2%2Fcategories&post=25116"},{"taxonomy":"post_tag","embeddable":true,"href":"https:\/\/obscom.intervozes.org.br\/index.php?rest_route=%2Fwp%2Fv2%2Ftags&post=25116"}],"curies":[{"name":"wp","href":"https:\/\/api.w.org\/{rel}","templated":true}]}}