{"id":25111,"date":"2010-11-24T15:01:59","date_gmt":"2010-11-24T15:01:59","guid":{"rendered":"https:\/\/obscom.intervozes.org.br\/wordpress\/?p=25111"},"modified":"2010-11-24T15:01:59","modified_gmt":"2010-11-24T15:01:59","slug":"grupo-de-trabalho-conclui-debates-sobre-lei-de-comunicacao-eletronica","status":"publish","type":"post","link":"https:\/\/obscom.intervozes.org.br\/?p=25111","title":{"rendered":"Grupo de trabalho conclui debates sobre Lei de Comunica\u00e7\u00e3o Eletr\u00f4nica"},"content":{"rendered":"<p><strong>&nbsp;Samuel Possebon &#8211; PAY-TV<\/strong><\/p>\n<p>&nbsp;<\/p>\n<p class=\"padrao\"><span class=\"padrao\">Terminaram esta semana as reuni&otilde;es do grupo de trabalho  envolvido na elabora&ccedil;&atilde;o do anteprojeto para a Lei de Comunica&ccedil;&atilde;o  Eletr&ocirc;nica. Agora, o resultado das discuss&otilde;es ser&aacute; sistematizado por uma  comiss&atilde;o formada pela Secretaria de Comunica&ccedil;&atilde;o da Presid&ecirc;ncia (Secom) e  pelas Subchefia de An&aacute;lise e Acompanhamento de Pol&iacute;ticas Governamentais  (SAG) e Subchefia de Assuntos Jur&iacute;dicos (SAJ) da Casa Civil, para que  ent&atilde;o a minuta possa ser encaminhada ao presidente Lula e para a  presidente eleita Dilma Rousseff.<\/span><\/p>\n<p class=\"padrao\">&nbsp;<\/p>\n<p class=\"padrao\">Conforme informou este notici&aacute;rio na semana passada, o processo de  discuss&atilde;o p&uacute;blica deve ser realizado apenas no pr&oacute;ximo governo, j&aacute; sob  as diretrizes da presidente Dilma, para que depois o texto possa ser  aprimorado e levado ao Congresso Nacional. O projeto, como est&aacute; sendo  idealizado, ter&aacute; impactos importantes no setor de comunica&ccedil;&otilde;es,  sobretudo por estabelecer um ordenamento regulat&oacute;rio para todo o setor.  Anatel e Ancine dever&atilde;o regular, respectivamente, infraestrutura e  conte&uacute;dos, ficando ambas sob um mesmo &oacute;rg&atilde;o de orienta&ccedil;&atilde;o pol&iacute;tica  (possivelmente Minist&eacute;rio das Comunica&ccedil;&otilde;es). A possibilidade de uma  ag&ecirc;ncia &uacute;nica est&aacute; praticamente descartada.<\/p>\n","protected":false},"excerpt":{"rendered":"<p>&nbsp;Samuel Possebon &#8211; PAY-TV &nbsp; Terminaram esta semana as reuni&otilde;es do grupo de trabalho envolvido na elabora&ccedil;&atilde;o do anteprojeto para a Lei de Comunica&ccedil;&atilde;o Eletr&ocirc;nica. Agora, o resultado das discuss&otilde;es ser&aacute; sistematizado por uma comiss&atilde;o formada pela Secretaria de Comunica&ccedil;&atilde;o da Presid&ecirc;ncia (Secom) e pelas Subchefia de An&aacute;lise e Acompanhamento de Pol&iacute;ticas Governamentais (SAG) e &hellip; <a href=\"https:\/\/obscom.intervozes.org.br\/?p=25111\" class=\"more-link\">Continue lendo <span class=\"screen-reader-text\">Grupo de trabalho conclui debates sobre Lei de Comunica\u00e7\u00e3o Eletr\u00f4nica<\/span> <span class=\"meta-nav\">&rarr;<\/span><\/a><\/p>\n","protected":false},"author":1,"featured_media":0,"comment_status":"open","ping_status":"open","sticky":false,"template":"","format":"standard","meta":{"footnotes":""},"categories":[39],"tags":[],"_links":{"self":[{"href":"https:\/\/obscom.intervozes.org.br\/index.php?rest_route=\/wp\/v2\/posts\/25111"}],"collection":[{"href":"https:\/\/obscom.intervozes.org.br\/index.php?rest_route=\/wp\/v2\/posts"}],"about":[{"href":"https:\/\/obscom.intervozes.org.br\/index.php?rest_route=\/wp\/v2\/types\/post"}],"author":[{"embeddable":true,"href":"https:\/\/obscom.intervozes.org.br\/index.php?rest_route=\/wp\/v2\/users\/1"}],"replies":[{"embeddable":true,"href":"https:\/\/obscom.intervozes.org.br\/index.php?rest_route=%2Fwp%2Fv2%2Fcomments&post=25111"}],"version-history":[{"count":0,"href":"https:\/\/obscom.intervozes.org.br\/index.php?rest_route=\/wp\/v2\/posts\/25111\/revisions"}],"wp:attachment":[{"href":"https:\/\/obscom.intervozes.org.br\/index.php?rest_route=%2Fwp%2Fv2%2Fmedia&parent=25111"}],"wp:term":[{"taxonomy":"category","embeddable":true,"href":"https:\/\/obscom.intervozes.org.br\/index.php?rest_route=%2Fwp%2Fv2%2Fcategories&post=25111"},{"taxonomy":"post_tag","embeddable":true,"href":"https:\/\/obscom.intervozes.org.br\/index.php?rest_route=%2Fwp%2Fv2%2Ftags&post=25111"}],"curies":[{"name":"wp","href":"https:\/\/api.w.org\/{rel}","templated":true}]}}