{"id":25110,"date":"2010-11-24T14:58:50","date_gmt":"2010-11-24T14:58:50","guid":{"rendered":"https:\/\/obscom.intervozes.org.br\/wordpress\/?p=25110"},"modified":"2010-11-24T14:58:50","modified_gmt":"2010-11-24T14:58:50","slug":"anatel-retira-restricao-a-atuacao-das-teles-no-mercado-de-tv-a-cabo","status":"publish","type":"post","link":"https:\/\/obscom.intervozes.org.br\/?p=25110","title":{"rendered":"Anatel retira restri\u00e7\u00e3o \u00e0 atua\u00e7\u00e3o das teles no mercado de TV a cabo"},"content":{"rendered":"<p><span class=\"padrao\">A retirada da cl&aacute;usula 14.1, que pro&iacute;be a entrada das teles no mercado de TV a cabo, na proposta de revis&atilde;o do contrato de concess&atilde;o, foi motivo de protesto da Embratel na sess&atilde;o p&uacute;blica promovida pela Anatel, para discutir a revis&atilde;o dos contratos. A operadora considera o espa&ccedil;o inadequado para esse tipo de altera&ccedil;&atilde;o. &ldquo;Essa mudan&ccedil;a deve ser discutida no Congresso Nacional e n&atilde;o na ag&ecirc;ncia reguladora&rdquo;, disse o diretor de Assuntos Institucionais da operadora, Ayrton Capella.<\/span><\/p>\n<p>&nbsp;<\/p>\n<p><span class=\"padrao\">Para Capella, a retirada da clausula representa alterar a pol&iacute;tica p&uacute;blica em vigor, que n&atilde;o &eacute; compet&ecirc;ncia da Anatel.<\/span><\/p>\n<p>&nbsp;<\/p>\n<p><span class=\"padrao\">O presidente da Associa&ccedil;&atilde;o Brasileira TV por Assinatura (ABTA), Alexandre Annenberg, a retirada da restri&ccedil;&atilde;o de atua&ccedil;&atilde;o das teles no mercado de TV a cabo, proposta pela ag&ecirc;ncia, significa tirar a veda&ccedil;&atilde;o &agrave; propriedade cruzada e pode se reverter em mais um motivo de contesta&ccedil;&atilde;o judicial. &ldquo;N&atilde;o temos d&uacute;vidas da entrada das teles nesse mercado, mas ela deve se dar pela aprova&ccedil;&atilde;o do PLC 116\/10, que acabar&aacute; por decretar a morte natural da cl&aacute;usula 14.1&rdquo;, defendeu.<\/span><\/p>\n<p>&nbsp;<\/p>\n<p><span class=\"padrao\">Os representantes da Oi, Paulo Mattos, e da Te&ccedil;ef&ocirc;nica, Marcos Bafutto, aplaudiram a medida. Segundo Mattos, a possibilidade de atua&ccedil;&atilde;o das teles nesse mercado est&aacute; prevista tanto na Lei do Cabo como na pr&oacute;pria Lei Geral de Telecomunica&ccedil;&otilde;es (LGT) e que isso favorece ao consumidor. Bafutto defende que a retirada da cl&aacute;usula favorece a converg&ecirc;ncia.<\/span><\/p>\n<p>&nbsp;<\/p>\n","protected":false},"excerpt":{"rendered":"<p>A retirada da cl&aacute;usula 14.1, que pro&iacute;be a entrada das teles no mercado de TV a cabo, na proposta de revis&atilde;o do contrato de concess&atilde;o, foi motivo de protesto da Embratel na sess&atilde;o p&uacute;blica promovida pela Anatel, para discutir a revis&atilde;o dos contratos. A operadora considera o espa&ccedil;o inadequado para esse tipo de altera&ccedil;&atilde;o. &ldquo;Essa &hellip; <a href=\"https:\/\/obscom.intervozes.org.br\/?p=25110\" class=\"more-link\">Continue lendo <span class=\"screen-reader-text\">Anatel retira restri\u00e7\u00e3o \u00e0 atua\u00e7\u00e3o das teles no mercado de TV a cabo<\/span> <span class=\"meta-nav\">&rarr;<\/span><\/a><\/p>\n","protected":false},"author":1,"featured_media":0,"comment_status":"open","ping_status":"open","sticky":false,"template":"","format":"standard","meta":{"footnotes":""},"categories":[40],"tags":[832],"_links":{"self":[{"href":"https:\/\/obscom.intervozes.org.br\/index.php?rest_route=\/wp\/v2\/posts\/25110"}],"collection":[{"href":"https:\/\/obscom.intervozes.org.br\/index.php?rest_route=\/wp\/v2\/posts"}],"about":[{"href":"https:\/\/obscom.intervozes.org.br\/index.php?rest_route=\/wp\/v2\/types\/post"}],"author":[{"embeddable":true,"href":"https:\/\/obscom.intervozes.org.br\/index.php?rest_route=\/wp\/v2\/users\/1"}],"replies":[{"embeddable":true,"href":"https:\/\/obscom.intervozes.org.br\/index.php?rest_route=%2Fwp%2Fv2%2Fcomments&post=25110"}],"version-history":[{"count":0,"href":"https:\/\/obscom.intervozes.org.br\/index.php?rest_route=\/wp\/v2\/posts\/25110\/revisions"}],"wp:attachment":[{"href":"https:\/\/obscom.intervozes.org.br\/index.php?rest_route=%2Fwp%2Fv2%2Fmedia&parent=25110"}],"wp:term":[{"taxonomy":"category","embeddable":true,"href":"https:\/\/obscom.intervozes.org.br\/index.php?rest_route=%2Fwp%2Fv2%2Fcategories&post=25110"},{"taxonomy":"post_tag","embeddable":true,"href":"https:\/\/obscom.intervozes.org.br\/index.php?rest_route=%2Fwp%2Fv2%2Ftags&post=25110"}],"curies":[{"name":"wp","href":"https:\/\/api.w.org\/{rel}","templated":true}]}}