{"id":25107,"date":"2010-11-23T12:30:34","date_gmt":"2010-11-23T12:30:34","guid":{"rendered":"https:\/\/obscom.intervozes.org.br\/wordpress\/?p=25107"},"modified":"2010-11-23T12:30:34","modified_gmt":"2010-11-23T12:30:34","slug":"lei-de-comunicacao-e-plc-116-sao-prioridades-do-governo-ate-final-do-ano","status":"publish","type":"post","link":"https:\/\/obscom.intervozes.org.br\/?p=25107","title":{"rendered":"Lei de Comunica\u00e7\u00e3o e PLC 116 s\u00e3o prioridades do governo at\u00e9 final do ano"},"content":{"rendered":"<p><span class=\"padrao\">Duas pautas importantes ainda est&atilde;o na agenda dessas &uacute;ltimas semanas de governo Lula na &aacute;rea de comunica&ccedil;&otilde;es: a aprova&ccedil;&atilde;o no Senado do PLC 116\/2010 e a finaliza&ccedil;&atilde;o da minuta de anteprojeto de uma Lei de Comunica&ccedil;&atilde;o Eletr&ocirc;nica. No caso da aprova&ccedil;&atilde;o do PLC 116, que cria novas regras para o setor de TV por assinatura, o governo est&aacute; disposto a trabalhar pela aprova&ccedil;&atilde;o e acredita nesta possibilidade, mas sabe que as margens s&atilde;o m&iacute;nimas em fun&ccedil;&atilde;o do pouco tempo. Para dar certo, a estrat&eacute;gia inclui convencer os atores e parlamentares de que o texto n&atilde;o deve sofrer nenhuma altera&ccedil;&atilde;o, nem de reda&ccedil;&atilde;o, pois o calend&aacute;rio &eacute; muito apertado, ainda mais contando que na pr&oacute;xima semana o senador Dem&oacute;stenes Torres (DEM\/GO), que relata a mat&eacute;ria na CCJ, estar&aacute; fora do pa&iacute;s e ainda haver&aacute; a vota&ccedil;&atilde;o do or&ccedil;amento.<\/span><\/p>\n<p>&nbsp;<\/p>\n<p><span class=\"padrao\">J&aacute; o anteprojeto de Lei de Comunica&ccedil;&atilde;o Eletr&ocirc;nica poder&aacute; n&atilde;o ficar completamente lapidado at&eacute; o fim do ano, mas a presidente Dilma Rousseff receber&aacute; um texto j&aacute; bastante estruturado. O balan&ccedil;o p&oacute;s-Semin&aacute;rio Internacional de Comunica&ccedil;&atilde;o Eletr&ocirc;nica e Converg&ecirc;ncia de M&iacute;dias feito no &acirc;mbito do grupo que est&aacute; elaborando o projeto &eacute; de que a experi&ecirc;ncia internacional mostrada no evento dar&aacute; conforto para que se fale em regula&ccedil;&atilde;o da comunica&ccedil;&atilde;o sem o risco de que isso seja confundido com intervencionismo ou cerceamento de liberdade de imprensa.<\/span><\/p>\n<p>&nbsp;<\/p>\n<p><span class=\"padrao\">A formata&ccedil;&atilde;o final de como ser&aacute; essa a&ccedil;&atilde;o reguladora ainda est&aacute; sendo finalizada. Sabe-se que o que quer que seja, estar&aacute; vinculado a um &uacute;nico minist&eacute;rio (provavelmente o de Comunica&ccedil;&otilde;es). Em um cen&aacute;rio ideal, o modelo de ag&ecirc;ncia &uacute;nica para telecomunica&ccedil;&otilde;es, radiodifus&atilde;o e audiovisual talvez fosse o desej&aacute;vel, mas &eacute; crescente a leitura dentro do governo de que duas ag&ecirc;ncias tenham que coexistir dentro das especificidades do mercado brasileiro. Com isso, a Ancine, como uma ag&ecirc;ncia rguladora e fiscalizadora do audiovisual e do conte&uacute;do, e a Anatel, como ag&ecirc;ncia da infraestrutura de telecomunica&ccedil;&otilde;es, ficariam vinculadas a um mesmo minist&eacute;rio e a um marco legal comum e convergente.<\/span><\/p>\n<p>&nbsp;<\/p>\n<p><span class=\"padrao\">Na semana passada, durante o semin&aacute;rio internacional, o ministro Franklin Martins, da secretaria de comunica&ccedil;&atilde;o social do governo e principal articulador da lei, j&aacute; havia indicado que existe uma decis&atilde;o pol&iacute;tica de dar ao setor de comunica&ccedil;&otilde;es um tratamento estrat&eacute;gico e priorit&aacute;rio. Segundo apurou este notici&aacute;rio, mesmo com as mudan&ccedil;as que ainda podem surgir durante o complicado processo de transi&ccedil;&atilde;o, j&aacute; existe uma disposi&ccedil;&atilde;o da presidente eleita Dilma Rousseff de nomear um ministro forte para a &aacute;rea de comunica&ccedil;&otilde;es que possa, ao mesmo tempo, priorizar o programa de banda larga e, de outra, trabalhar sobre a ideia de um marco legal convergente, possivelmente com um per&iacute;odo de ajustes e consultas p&uacute;blicas do anteprojeto que ser&aacute; deixado pelo governo Lula e depois na discuss&atilde;o com o Congresso.<\/span><\/p>\n","protected":false},"excerpt":{"rendered":"<p>Duas pautas importantes ainda est&atilde;o na agenda dessas &uacute;ltimas semanas de governo Lula na &aacute;rea de comunica&ccedil;&otilde;es: a aprova&ccedil;&atilde;o no Senado do PLC 116\/2010 e a finaliza&ccedil;&atilde;o da minuta de anteprojeto de uma Lei de Comunica&ccedil;&atilde;o Eletr&ocirc;nica. No caso da aprova&ccedil;&atilde;o do PLC 116, que cria novas regras para o setor de TV por assinatura, &hellip; <a href=\"https:\/\/obscom.intervozes.org.br\/?p=25107\" class=\"more-link\">Continue lendo <span class=\"screen-reader-text\">Lei de Comunica\u00e7\u00e3o e PLC 116 s\u00e3o prioridades do governo at\u00e9 final do ano<\/span> <span class=\"meta-nav\">&rarr;<\/span><\/a><\/p>\n","protected":false},"author":1,"featured_media":0,"comment_status":"open","ping_status":"open","sticky":false,"template":"","format":"standard","meta":{"footnotes":""},"categories":[40],"tags":[1444],"_links":{"self":[{"href":"https:\/\/obscom.intervozes.org.br\/index.php?rest_route=\/wp\/v2\/posts\/25107"}],"collection":[{"href":"https:\/\/obscom.intervozes.org.br\/index.php?rest_route=\/wp\/v2\/posts"}],"about":[{"href":"https:\/\/obscom.intervozes.org.br\/index.php?rest_route=\/wp\/v2\/types\/post"}],"author":[{"embeddable":true,"href":"https:\/\/obscom.intervozes.org.br\/index.php?rest_route=\/wp\/v2\/users\/1"}],"replies":[{"embeddable":true,"href":"https:\/\/obscom.intervozes.org.br\/index.php?rest_route=%2Fwp%2Fv2%2Fcomments&post=25107"}],"version-history":[{"count":0,"href":"https:\/\/obscom.intervozes.org.br\/index.php?rest_route=\/wp\/v2\/posts\/25107\/revisions"}],"wp:attachment":[{"href":"https:\/\/obscom.intervozes.org.br\/index.php?rest_route=%2Fwp%2Fv2%2Fmedia&parent=25107"}],"wp:term":[{"taxonomy":"category","embeddable":true,"href":"https:\/\/obscom.intervozes.org.br\/index.php?rest_route=%2Fwp%2Fv2%2Fcategories&post=25107"},{"taxonomy":"post_tag","embeddable":true,"href":"https:\/\/obscom.intervozes.org.br\/index.php?rest_route=%2Fwp%2Fv2%2Ftags&post=25107"}],"curies":[{"name":"wp","href":"https:\/\/api.w.org\/{rel}","templated":true}]}}