{"id":25103,"date":"2010-11-22T11:32:14","date_gmt":"2010-11-22T11:32:14","guid":{"rendered":"https:\/\/obscom.intervozes.org.br\/wordpress\/?p=25103"},"modified":"2010-11-22T11:32:14","modified_gmt":"2010-11-22T11:32:14","slug":"sul-e-nordeste-debatem-democratizacao-da-comunicacao-em-novembro","status":"publish","type":"post","link":"https:\/\/obscom.intervozes.org.br\/?p=25103","title":{"rendered":"Sul e Nordeste debatem democratiza\u00e7\u00e3o da comunica\u00e7\u00e3o em novembro"},"content":{"rendered":"\n<p style=\"margin-bottom: 0cm\" class=\"padrao\">O &uacute;ltimo final de semana de novembro ser&aacute; de grandes debates em torno da comunica&ccedil;&atilde;o. Recife (PE) ir&aacute; receber entre os dias 26 e 27, no Armaz&eacute;m 12, o Encontro Nacional de Blogueiros BlogCamp. J&aacute; o Paran&aacute; ir&aacute; contar com sua edi&ccedil;&atilde;o regional do Encontro de Blogueiros Progressistas, sediado em Curitiba durante os dias 26 a 28. S&atilde;o dois eventos que refor&ccedil;am o poder da m&iacute;dia alternativa no pa&iacute;s e consolidam a internet como um meio essencial na democratiza&ccedil;&atilde;o da comunica&ccedil;&atilde;o.<\/p>\n<p>Al&eacute;m desses dois eventos, j&aacute; organizados e convocados, os paulistas realizam reuni&atilde;o no pr&oacute;ximo dia 27 de novembro para preparar o encontro dos blogueiros progressistas do estado. A reuni&atilde;o &eacute; aberta e est&aacute; marcada para as 10h, no Sindicato dos Trabalhadores em Editoras de Livros, localizado &agrave; rua Pinto Ferraz, 120, na Vila Mariana.<\/p>\n<p><strong>BlogCamp<\/strong><\/p>\n<p>O BlogCamp tem como foco a apresenta&ccedil;&atilde;o de novidades e o mote &eacute; unir tecnologia, cultura e sustentabilidade em um &uacute;nico lugar. Na ativa desde 2007, data de sua primeira edi&ccedil;&atilde;o em S&atilde;o Paulo, o evento ir&aacute; contar com a presen&ccedil;a de not&aacute;veis do ciberespa&ccedil;o, cientistas da computa&ccedil;&atilde;o e v&aacute;rias webcelebridades brasileiras. Apesar do teor aparentemente direcionado ao mercado publicit&aacute;rio, o BlogCamp &eacute; um espa&ccedil;o f&eacute;rtil para troca de ideias sobre modos eficientes de se comunicar, principalmente com o p&uacute;blico jovem.<\/p>\n<p>J&aacute; o Encontro de Blogueiros Progressistas paranense d&aacute; continuidade &agrave; a&ccedil;&atilde;o nacional promovida em agosto de 2010 em S&atilde;o Paulo. Segundo a organiza&ccedil;&atilde;o, os objetivos principais do Encontro s&atilde;o promover a dissemina&ccedil;&atilde;o dos blogs no Estado e ampliar o n&uacute;mero de agentes ativos na blogosfera para aprofundar o conte&uacute;do de cidadania da internet. Entre os temas dos debates, figuram &ldquo;A liberdade de express&atilde;o, Internet e Aspectos Jur&iacute;dicos&rdquo;, &ldquo;A Internet, a Cidadania e os Movimentos Sociais&rdquo;, &ldquo;Papel dos Blogs,Twitter e outras Ferramentas&rdquo;, &ldquo;Estrat&eacute;gias de Forma&ccedil;&atilde;o de Cidad&atilde;os Ativos e Conectados na Internet, Alfabetiza&ccedil;&atilde;o Digital e Adensamento das redes&rdquo; e &ldquo;Blogs: conte&uacute;do priorit&aacute;rio do Jornalismo, da Informa&ccedil;&atilde;o e da Opini&atilde;o&rdquo;. Haver&aacute; tamb&eacute;m oficinas para associa&ccedil;&otilde;es de moradores, movimentos populares e sindicatos.<\/p>\n<p>Ambos os eventos s&atilde;o grandes oportunidades para a milit&acirc;ncia da UJS desses locais se organizar e encorpar a Frente de Jovens Comunicadores da entidade, cuja organiza&ccedil;&atilde;o foi definida no &uacute;ltimo Congresso.<\/p>\n<p style=\"margin-bottom: 0cm\" class=\"padrao\"><strong>BlogCamp<\/strong><br \/>26 e 27 de novembro, no Armaz&eacute;m 12, Recife.<br \/>Inscri&ccedil;&otilde;es e programa&ccedil;&atilde;o: http:\/\/www.expoidea.com.br<\/p>\n<p style=\"margin-bottom: 0cm\" class=\"padrao\"><strong>Encontro de Blogueiros Progressistas do Paran&aacute;<\/strong><br \/>26 a 28 de novembro, na Sede Campestre do SINDIJUS, em Curitiba<br \/>Mais informa&ccedil;&otilde;es e inscri&ccedil;&otilde;es: http:\/\/paranablogs.wordpress.com<\/p>\n","protected":false},"excerpt":{"rendered":"<p>O &uacute;ltimo final de semana de novembro ser&aacute; de grandes debates em torno da comunica&ccedil;&atilde;o. Recife (PE) ir&aacute; receber entre os dias 26 e 27, no Armaz&eacute;m 12, o Encontro Nacional de Blogueiros BlogCamp. J&aacute; o Paran&aacute; ir&aacute; contar com sua edi&ccedil;&atilde;o regional do Encontro de Blogueiros Progressistas, sediado em Curitiba durante os dias 26 &hellip; <a href=\"https:\/\/obscom.intervozes.org.br\/?p=25103\" class=\"more-link\">Continue lendo <span class=\"screen-reader-text\">Sul e Nordeste debatem democratiza\u00e7\u00e3o da comunica\u00e7\u00e3o em novembro<\/span> <span class=\"meta-nav\">&rarr;<\/span><\/a><\/p>\n","protected":false},"author":1,"featured_media":0,"comment_status":"open","ping_status":"open","sticky":false,"template":"","format":"standard","meta":{"footnotes":""},"categories":[40],"tags":[28],"_links":{"self":[{"href":"https:\/\/obscom.intervozes.org.br\/index.php?rest_route=\/wp\/v2\/posts\/25103"}],"collection":[{"href":"https:\/\/obscom.intervozes.org.br\/index.php?rest_route=\/wp\/v2\/posts"}],"about":[{"href":"https:\/\/obscom.intervozes.org.br\/index.php?rest_route=\/wp\/v2\/types\/post"}],"author":[{"embeddable":true,"href":"https:\/\/obscom.intervozes.org.br\/index.php?rest_route=\/wp\/v2\/users\/1"}],"replies":[{"embeddable":true,"href":"https:\/\/obscom.intervozes.org.br\/index.php?rest_route=%2Fwp%2Fv2%2Fcomments&post=25103"}],"version-history":[{"count":0,"href":"https:\/\/obscom.intervozes.org.br\/index.php?rest_route=\/wp\/v2\/posts\/25103\/revisions"}],"wp:attachment":[{"href":"https:\/\/obscom.intervozes.org.br\/index.php?rest_route=%2Fwp%2Fv2%2Fmedia&parent=25103"}],"wp:term":[{"taxonomy":"category","embeddable":true,"href":"https:\/\/obscom.intervozes.org.br\/index.php?rest_route=%2Fwp%2Fv2%2Fcategories&post=25103"},{"taxonomy":"post_tag","embeddable":true,"href":"https:\/\/obscom.intervozes.org.br\/index.php?rest_route=%2Fwp%2Fv2%2Ftags&post=25103"}],"curies":[{"name":"wp","href":"https:\/\/api.w.org\/{rel}","templated":true}]}}