{"id":25101,"date":"2010-11-19T16:55:22","date_gmt":"2010-11-19T16:55:22","guid":{"rendered":"https:\/\/obscom.intervozes.org.br\/wordpress\/?p=25101"},"modified":"2010-11-19T16:55:22","modified_gmt":"2010-11-19T16:55:22","slug":"entidades-articulam-pautas-da-comunicacao-em-plano-para-criancas-e-adolescentes","status":"publish","type":"post","link":"https:\/\/obscom.intervozes.org.br\/?p=25101","title":{"rendered":"Entidades articulam pautas da comunica\u00e7\u00e3o em plano para crian\u00e7as e adolescentes"},"content":{"rendered":"<p class=\"padrao\">A educomunica&ccedil;&atilde;o, a regula&ccedil;&atilde;o da publicidade infantil e a garantia da classifica&ccedil;&atilde;o indicativa. Todas estas pautas podem ser incorporadas dentro do Plano Decenal para uma Pol&iacute;tica Nacional para Crian&ccedil;as e o Adolescentes. At&eacute; o dia 30 de novembro, o Conselho Nacional do Direito da Crian&ccedil;a e do Adolescente (Conanda) estar&aacute; realizando consulta p&uacute;blica para receber contribui&ccedil;&otilde;es da sociedade para formula&ccedil;&atilde;o do plano. <\/p>\n<p class=\"padrao\">&nbsp;<\/p>\n<p class=\"padrao\">A ideia de se estabelecer um marco legal para a implementa&ccedil;&atilde;o dos Direitos da Crian&ccedil;a e do Adolescente vem sendo materializada desde dezembro de 2009, sendo fruto da 8&ordf; Confer&ecirc;ncia dos Direitos da Crian&ccedil;a e do Adolescente. A principal finalidade do plano decenal &eacute; orientar e cobrar do poder p&uacute;blico a implementa&ccedil;&atilde;o de pol&iacute;ticas que efetivamente garantam os direitos infanto-juvenis, estabelecendo metas e prazos para o cumprimento dessas afirmativas.<\/p>\n<p class=\"padrao\">&nbsp;<\/p>\n<p class=\"padrao\">Para F&aacute;bio Feitosa, presidente do Conanda, o plano deve ir al&eacute;m dos 4 anos de apenas um governo, constru&iacute;do a pol&iacute;tica p&uacute;blica de inf&acirc;ncia a longo prazo no que se refere &agrave; cultura, esporte, educa&ccedil;&atilde;o e demais direitos. &ldquo;A consulta p&uacute;blica vem no sentido de recolher contribui&ccedil;&otilde;es dos munic&iacute;pios e unidades da federa&ccedil;&atilde;o que ajudaram a construir esse documento durante o processo de confer&ecirc;ncia no ano passado&rdquo;, afirma Feitosa.<\/p>\n<p class=\"padrao\">&nbsp;<\/p>\n<p class=\"padrao\">Entidades que trabalha com comunica&ccedil;&atilde;o e inf&acirc;ncia tamb&eacute;m preparam contribui&ccedil;&otilde;es para o palno. Segundo F&aacute;bio Senne, da Ag&ecirc;ncia de Not&iacute;cias dos Direitos da Inf&acirc;ncia (Andi), o plano decenal representa um importante momento de reflex&atilde;o e estabelecimento de metas para a garantia dos direitos da inf&acirc;ncia em varias &aacute;reas, e a comunica&ccedil;&atilde;o, enquanto pauta estrat&eacute;gica, n&atilde;o poderia ficar de fora. &ldquo;No momento em que a sociedade brasileira espera a efetiva&ccedil;&atilde;o das plataformas aprovadas na primeira Conferencia Nacional de Comunica&ccedil;&atilde;o (Confecom), o plano decenal &eacute; uma &oacute;tima oportunidade de inserir estes temas na linha de frente da politica nacional de inf&acirc;ncia e adolesc&ecirc;ncia&quot;, afirma Senne.<\/p>\n<p class=\"padrao\">&nbsp;<\/p>\n<p class=\"padrao\">No dia 19 de outubro foi organizado pela Andi e Rede Andi Brasil o semin&aacute;rio M&iacute;dia e Inf&acirc;ncia, que buscou construir propostas concretas para inser&ccedil;&atilde;o no plano. Para G&eacute;sio Passos, do Coletivo Intervozes, a constru&ccedil;&atilde;o de pautas de consenso entre as diversas da sociedade &eacute; fundamental para fortalecer a agenda da comunica&ccedil;&atilde;o no plano decenal.<\/p>\n<p class=\"padrao\">&nbsp;<\/p>\n<p class=\"padrao\">A consulta vai at&eacute; o dia 30 de novembro. A proposta do Plano Decenal pode ser acessado atrav&eacute;s do <a href=\"http:\/\/www.direitosdacrianca.org.br\/em-pauta\/plano-decenal-e-politica-nacional-dos-direitos-humanos-de-criancas-e-adolescentes\" target=\"_blank\">www.direitosdacrianca.org.br<\/a>. As contribui&ccedil;&otilde;es devem ser enviadas para o endere&ccedil;o de e-mail <a href=\"mailto:conanda@sedh.gov.br\">conanda@sedh.gov.br<\/a> .<\/p>\n","protected":false},"excerpt":{"rendered":"<p>Temas da comunica&ccedil;&atilde;o ser&atilde;o sugeridos ao Conselho Nacional do Direito da Crian&ccedil;a e do Adolescente para elabora&ccedil;&atilde;o de&nbsp; plano decenal<\/p>\n","protected":false},"author":1,"featured_media":0,"comment_status":"open","ping_status":"open","sticky":false,"template":"","format":"standard","meta":{"footnotes":""},"categories":[40],"tags":[512],"_links":{"self":[{"href":"https:\/\/obscom.intervozes.org.br\/index.php?rest_route=\/wp\/v2\/posts\/25101"}],"collection":[{"href":"https:\/\/obscom.intervozes.org.br\/index.php?rest_route=\/wp\/v2\/posts"}],"about":[{"href":"https:\/\/obscom.intervozes.org.br\/index.php?rest_route=\/wp\/v2\/types\/post"}],"author":[{"embeddable":true,"href":"https:\/\/obscom.intervozes.org.br\/index.php?rest_route=\/wp\/v2\/users\/1"}],"replies":[{"embeddable":true,"href":"https:\/\/obscom.intervozes.org.br\/index.php?rest_route=%2Fwp%2Fv2%2Fcomments&post=25101"}],"version-history":[{"count":0,"href":"https:\/\/obscom.intervozes.org.br\/index.php?rest_route=\/wp\/v2\/posts\/25101\/revisions"}],"wp:attachment":[{"href":"https:\/\/obscom.intervozes.org.br\/index.php?rest_route=%2Fwp%2Fv2%2Fmedia&parent=25101"}],"wp:term":[{"taxonomy":"category","embeddable":true,"href":"https:\/\/obscom.intervozes.org.br\/index.php?rest_route=%2Fwp%2Fv2%2Fcategories&post=25101"},{"taxonomy":"post_tag","embeddable":true,"href":"https:\/\/obscom.intervozes.org.br\/index.php?rest_route=%2Fwp%2Fv2%2Ftags&post=25101"}],"curies":[{"name":"wp","href":"https:\/\/api.w.org\/{rel}","templated":true}]}}