{"id":25100,"date":"2010-11-19T16:12:00","date_gmt":"2010-11-19T16:12:00","guid":{"rendered":"https:\/\/obscom.intervozes.org.br\/wordpress\/?p=25100"},"modified":"2010-11-19T16:12:00","modified_gmt":"2010-11-19T16:12:00","slug":"processo-de-ativacao-de-conselhos-de-comunicacao-no-brasil-provoca-debates-no-setor","status":"publish","type":"post","link":"https:\/\/obscom.intervozes.org.br\/?p=25100","title":{"rendered":"Processo de ativa\u00e7\u00e3o de conselhos de comunica\u00e7\u00e3o no Brasil provoca debates no setor"},"content":{"rendered":"<p>A 1&ordf; Confer&ecirc;ncia Nacional de Comunica&ccedil;&atilde;o (Confecom), realizada no final de 2009, em Bras&iacute;lia, determinou por decis&atilde;o da maioria dos participantes a necessidade da cria&ccedil;&atilde;o de conselhos de comunica&ccedil;&atilde;o para monitorar a atividade da m&iacute;dia no Brasil. Neste ano, a recomenda&ccedil;&atilde;o da Confecom est&aacute; se tornando realidade. Al&eacute;m de o Congresso Nacional se preparar para reativar o Conselho Nacional de Comunica&ccedil;&atilde;o, que j&aacute; existiu entre 2002 e 2006, projetos de lei para a cria&ccedil;&atilde;o de Conselhos de Comunica&ccedil;&atilde;o Estadual est&atilde;o em tr&acirc;mite nas Assembleias de sete Estados do pa&iacute;s.<\/p>\n<p>&nbsp;<\/p>\n<p>No Cear&aacute;, por exemplo, a medida j&aacute; foi aprovada como projeto de indica&ccedil;&atilde;o pelos deputados cearenses e aguarda apenas a aprova&ccedil;&atilde;o do governador do Estado. A situa&ccedil;&atilde;o divide a opini&atilde;o de setores da sociedade civil: de um lado, os que desconfiam que a cria&ccedil;&atilde;o de conselhos restrinja a liberdade de imprensa, direito fundamental para a democracia; do outro, os que defendem a participa&ccedil;&atilde;o da sociedade civil na forma&ccedil;&atilde;o de pol&iacute;ticas voltadas para a comunica&ccedil;&atilde;o.<\/p>\n<p>&nbsp;<\/p>\n<p>&ldquo;Defendemos a exist&ecirc;ncia de mecanismos de regula&ccedil;&atilde;o nos sistemas de comunica&ccedil;&atilde;o que permitam a pluralidade. A melhor forma de aplicar leis e regras que n&atilde;o sejam cerceadoras ou autorit&aacute;rias, por parte do setor estatal ou privado, s&atilde;o os conselhos&rdquo;, argumenta Celso Schr&ouml;der, presidente da Federa&ccedil;&atilde;o Nacional dos Jornalistas (Fenaj), que lembrou a exist&ecirc;ncia deste mecanismo de fiscaliza&ccedil;&atilde;o em outros pa&iacute;ses, como Estados Unidos, Fran&ccedil;a e Inglaterra. &ldquo;O Brasil &eacute; acostumado a um sil&ecirc;ncio sobre o setor. A comunica&ccedil;&atilde;o foi impedida de ser pauta pelo pr&oacute;prio meio. &Eacute; um paradoxo que o pa&iacute;s produz.&rdquo;<\/p>\n<p>&nbsp;<\/p>\n<p>Para Ricardo Pedreira, presidente da Associa&ccedil;&atilde;o Nacional dos Jornais (ANJ), a cria&ccedil;&atilde;o de conselhos &eacute; um retrocesso. &ldquo;Qualquer inst&acirc;ncia que vise controlar, fiscalizar ou orientar o jornalismo &eacute; inconstitucional porque fere o princ&iacute;pio maior da ampla e irrestrita liberdade de express&atilde;o, que n&atilde;o pode ter nenhum controle pr&eacute;vio. A ANJ espera que esses projetos n&atilde;o se concretizem&rdquo;, contrap&otilde;e o diretor.<\/p>\n<p>&nbsp;<\/p>\n<p>A Ordem dos Advogados do Brasil (OAB) tamb&eacute;m se manifestou contra os conselhos, afirmando a inconstitucionalidade da medida. &ldquo;A OAB vai ter um papel cr&iacute;tico e ativo no sentido de ajuizar a&ccedil;&otilde;es diretas contra a cria&ccedil;&atilde;o desses conselhos&rdquo;, declarou Ophir Cavalcante, presidente nacional da OAB, em nota &agrave; imprensa.<\/p>\n<p>&nbsp;<\/p>\n<p>A Constitui&ccedil;&atilde;o de 1988, de fato, prev&ecirc; a exist&ecirc;ncia de um Conselho Nacional de Comunica&ccedil;&atilde;o. Daniel Fonseca, membro do Intervozes, organiza&ccedil;&atilde;o que trabalha pela efetiva&ccedil;&atilde;o do direito &agrave; comunica&ccedil;&atilde;o, ajuda a esclarecer o papel do conselho: &ldquo;&Eacute; um instrumento coordenado e legitimado pelo Estado. Por esse meio todos os segmentos estariam envolvidos no debate da comunica&ccedil;&atilde;o: o poder p&uacute;blico, o setor privado e a sociedade civil organizada&rdquo;, explica.<\/p>\n<p>&nbsp;<\/p>\n<p>Segundo o jornalista, ap&oacute;s a instala&ccedil;&atilde;o dos conselhos, o primeiro passo seria a elei&ccedil;&atilde;o dos representantes para cada setor, garantindo um debate plural sobre a comunica&ccedil;&atilde;o. &ldquo;Existe uma d&iacute;vida hist&oacute;rica em rela&ccedil;&atilde;o &agrave; participa&ccedil;&atilde;o da sociedade civil, principalmente o setor n&atilde;o empresarial, na defini&ccedil;&atilde;o de pol&iacute;ticas de comunica&ccedil;&atilde;o&rdquo;, afirma Fonseca.<\/p>\n<p>&nbsp;<\/p>\n<p>De acordo com Celso Schr&ouml;der, a formula&ccedil;&atilde;o de pol&iacute;ticas p&uacute;blicas para a comunica&ccedil;&atilde;o n&atilde;o pode passar apenas pela vontade dos donos de jornais. &ldquo;&Eacute; um equ&iacute;voco imaginar que a explora&ccedil;&atilde;o do neg&oacute;cio na comunica&ccedil;&atilde;o d&ecirc; &agrave;s empresas privadas a prerrogativa da privatiza&ccedil;&atilde;o dos conte&uacute;dos, isso &eacute; um absurdo filos&oacute;fico e pol&iacute;tico. Os conte&uacute;dos precisam ser plurais e quem garante isso &eacute; o debate p&uacute;blico&rdquo;, completa.<\/p>\n<p>&nbsp;<\/p>\n<p>Neste momento, o projeto de lei que instala o Conselho de Comunica&ccedil;&atilde;o Estadual j&aacute; est&aacute; em tr&acirc;mite em sete Estados do pa&iacute;s: Bahia, Cear&aacute;, Rio de Janeiro, S&atilde;o Paulo, Minas Gerais, Piau&iacute; e Alagoas. Al&eacute;m de orientar, fiscalizar, monitorar e produzir relat&oacute;rios; compete ao conselho acompanhar a aplica&ccedil;&atilde;o do marco regulat&oacute;rio na jurisdi&ccedil;&atilde;o que lhe abrange.<\/p>\n","protected":false},"excerpt":{"rendered":"<p>A 1&ordf; Confer&ecirc;ncia Nacional de Comunica&ccedil;&atilde;o (Confecom), realizada no final de 2009, em Bras&iacute;lia, determinou por decis&atilde;o da maioria dos participantes a necessidade da cria&ccedil;&atilde;o de conselhos de comunica&ccedil;&atilde;o para monitorar a atividade da m&iacute;dia no Brasil. Neste ano, a recomenda&ccedil;&atilde;o da Confecom est&aacute; se tornando realidade. Al&eacute;m de o Congresso Nacional se preparar para &hellip; <a href=\"https:\/\/obscom.intervozes.org.br\/?p=25100\" class=\"more-link\">Continue lendo <span class=\"screen-reader-text\">Processo de ativa\u00e7\u00e3o de conselhos de comunica\u00e7\u00e3o no Brasil provoca debates no setor<\/span> <span class=\"meta-nav\">&rarr;<\/span><\/a><\/p>\n","protected":false},"author":1,"featured_media":0,"comment_status":"open","ping_status":"open","sticky":false,"template":"","format":"standard","meta":{"footnotes":""},"categories":[40],"tags":[639],"_links":{"self":[{"href":"https:\/\/obscom.intervozes.org.br\/index.php?rest_route=\/wp\/v2\/posts\/25100"}],"collection":[{"href":"https:\/\/obscom.intervozes.org.br\/index.php?rest_route=\/wp\/v2\/posts"}],"about":[{"href":"https:\/\/obscom.intervozes.org.br\/index.php?rest_route=\/wp\/v2\/types\/post"}],"author":[{"embeddable":true,"href":"https:\/\/obscom.intervozes.org.br\/index.php?rest_route=\/wp\/v2\/users\/1"}],"replies":[{"embeddable":true,"href":"https:\/\/obscom.intervozes.org.br\/index.php?rest_route=%2Fwp%2Fv2%2Fcomments&post=25100"}],"version-history":[{"count":0,"href":"https:\/\/obscom.intervozes.org.br\/index.php?rest_route=\/wp\/v2\/posts\/25100\/revisions"}],"wp:attachment":[{"href":"https:\/\/obscom.intervozes.org.br\/index.php?rest_route=%2Fwp%2Fv2%2Fmedia&parent=25100"}],"wp:term":[{"taxonomy":"category","embeddable":true,"href":"https:\/\/obscom.intervozes.org.br\/index.php?rest_route=%2Fwp%2Fv2%2Fcategories&post=25100"},{"taxonomy":"post_tag","embeddable":true,"href":"https:\/\/obscom.intervozes.org.br\/index.php?rest_route=%2Fwp%2Fv2%2Ftags&post=25100"}],"curies":[{"name":"wp","href":"https:\/\/api.w.org\/{rel}","templated":true}]}}