{"id":25097,"date":"2010-11-19T15:28:18","date_gmt":"2010-11-19T15:28:18","guid":{"rendered":"https:\/\/obscom.intervozes.org.br\/wordpress\/?p=25097"},"modified":"2010-11-19T15:28:18","modified_gmt":"2010-11-19T15:28:18","slug":"ministerio-abre-consulta-publica-para-debater-regras-de-classificacao-indicativa","status":"publish","type":"post","link":"https:\/\/obscom.intervozes.org.br\/?p=25097","title":{"rendered":"Minist\u00e9rio abre consulta p\u00fablica para debater regras de classifica\u00e7\u00e3o indicativa"},"content":{"rendered":"<p>O Minist&eacute;rio da Justi&ccedil;a &#8211; sob comando de Luiz Paulo Barreto &#8211; abriu, na &uacute;ltima quinta-feira (18), prazo para consulta p&uacute;blica sobre a cria&ccedil;&atilde;o de um novo sistema de classifica&ccedil;&atilde;o indicativa para conte&uacute;dos de TV, cinema, teatro, jogos eletr&ocirc;nicos e de interpreta&ccedil;&atilde;o. As sugest&otilde;es, segundo informou O Globo, poder&atilde;o ser apresentadas em at&eacute; 30 dias, e o &oacute;rg&atilde;o pretende concluir o texto do projeto antes do fim do mandato do presidente Luiz In&aacute;cio Lula da Silva.<\/p>\n<p>&nbsp;<\/p>\n<p>A discuss&atilde;o sobre as mudan&ccedil;as para a classifica&ccedil;&atilde;o indicativa acontecer&aacute; pela Internet, e ter&aacute; duas propostas: na primeira, o p&uacute;blico poder&aacute; opinar sobre os crit&eacute;rios usados para definir os motivos pelos quais um programa deve se adequar a um determinado hor&aacute;rio e faixa et&aacute;ria; na segunda, ser&aacute; colocado em debate cada dispositivo da regulamenta&ccedil;&atilde;o vigente &#8211; que possui cinco portarias para classifica&ccedil;&atilde;o indicativa.<\/p>\n<p>&nbsp;<\/p>\n<p>Para o secret&aacute;rio Nacional de Justi&ccedil;a, Pedro Abramovay, existe um clima favor&aacute;vel &agrave; flexibiliza&ccedil;&atilde;o das atuais normas de classifica&ccedil;&atilde;o. Por&eacute;m, Abramovay ressaltou que o governo n&atilde;o apresentar&aacute; propostas para mudan&ccedil;as, e que formalizar&aacute; um documento sobre o assunto depois do prazo estabelecido para a consulta p&uacute;blica. &quot;A expectativa &eacute; que at&eacute; o fim do ano [o governo] possa editar a nova portaria, com base nesse debate p&uacute;blico&quot;, disse o secret&aacute;rio.<\/p>\n<p>&nbsp;<\/p>\n<p>O assunto que gera certa pol&ecirc;mica se refere a quest&atilde;o da flexibiliza&ccedil;&atilde;o das faixas de idade e de hor&aacute;rio para veicula&ccedil;&atilde;o de atra&ccedil;&otilde;es. A atual classifica&ccedil;&atilde;o possui seis faixas &#8211; de&nbsp; &quot;livre&quot; at&eacute; &quot;n&atilde;o recomendado para menores de 18 anos&quot; -, cada uma direcionada a uma idade m&iacute;nima. O secret&aacute;rio informou que a revis&atilde;o poderia discutir a cria&ccedil;&atilde;o de classifica&ccedil;&otilde;es que pudessem agrupar um p&uacute;blico maior, sempre respeitando &quot;a liberdade de express&atilde;o&quot; e mantendo &quot;uma prote&ccedil;&atilde;o efetiva da crian&ccedil;a e do adolescente&quot;.<\/p>\n<p>&nbsp;<\/p>\n<p>Em comunicado, a Associa&ccedil;&atilde;o Brasileira das Emissoras de R&aacute;dio e Televis&atilde;o (Abert) afirmou que algumas regras presentes na atual classifica&ccedil;&atilde;o indicativa merecem ser aperfei&ccedil;oadas, e informou que a entidade &quot;apresentar&aacute; suas contribui&ccedil;&otilde;es&quot;. Al&eacute;m disso, ressaltou que o mecanismo &eacute; importante para auxiliar pais e respons&aacute;veis por crian&ccedil;as e adolescentes, mas que n&atilde;o pode ser transformado &quot;em um instrumento de censura e de restri&ccedil;&atilde;o &agrave; liberdade de cria&ccedil;&atilde;o e express&atilde;o&quot;.<\/p>\n<p>&nbsp;<\/p>\n<p>&quot;A classifica&ccedil;&atilde;o indicativa n&atilde;o &eacute; censura. Essa &eacute; uma das miss&otilde;es mais sens&iacute;veis do minist&eacute;rio, pois lida com uma tens&atilde;o muito clara entre direitos constitucionais, ou seja, entre a liberdade de express&atilde;o e a prote&ccedil;&atilde;o &agrave; crian&ccedil;a e ao adolescente&quot;, declarou Abramovay ao jornal A Tarde. Atualmente, a classifica&ccedil;&atilde;o indicativa &eacute; feita por analistas das &aacute;reas de Comunica&ccedil;&atilde;o Social, Psicologia, Pedagogia e Direito, baseados nas diretrizes do &quot;Manual da Nova Classifica&ccedil;&atilde;o Indicativa&quot;, de 2006.<\/p>\n","protected":false},"excerpt":{"rendered":"<p>O Minist&eacute;rio da Justi&ccedil;a &#8211; sob comando de Luiz Paulo Barreto &#8211; abriu, na &uacute;ltima quinta-feira (18), prazo para consulta p&uacute;blica sobre a cria&ccedil;&atilde;o de um novo sistema de classifica&ccedil;&atilde;o indicativa para conte&uacute;dos de TV, cinema, teatro, jogos eletr&ocirc;nicos e de interpreta&ccedil;&atilde;o. As sugest&otilde;es, segundo informou O Globo, poder&atilde;o ser apresentadas em at&eacute; 30 dias, &hellip; <a href=\"https:\/\/obscom.intervozes.org.br\/?p=25097\" class=\"more-link\">Continue lendo <span class=\"screen-reader-text\">Minist\u00e9rio abre consulta p\u00fablica para debater regras de classifica\u00e7\u00e3o indicativa<\/span> <span class=\"meta-nav\">&rarr;<\/span><\/a><\/p>\n","protected":false},"author":1,"featured_media":0,"comment_status":"open","ping_status":"open","sticky":false,"template":"","format":"standard","meta":{"footnotes":""},"categories":[40],"tags":[393],"_links":{"self":[{"href":"https:\/\/obscom.intervozes.org.br\/index.php?rest_route=\/wp\/v2\/posts\/25097"}],"collection":[{"href":"https:\/\/obscom.intervozes.org.br\/index.php?rest_route=\/wp\/v2\/posts"}],"about":[{"href":"https:\/\/obscom.intervozes.org.br\/index.php?rest_route=\/wp\/v2\/types\/post"}],"author":[{"embeddable":true,"href":"https:\/\/obscom.intervozes.org.br\/index.php?rest_route=\/wp\/v2\/users\/1"}],"replies":[{"embeddable":true,"href":"https:\/\/obscom.intervozes.org.br\/index.php?rest_route=%2Fwp%2Fv2%2Fcomments&post=25097"}],"version-history":[{"count":0,"href":"https:\/\/obscom.intervozes.org.br\/index.php?rest_route=\/wp\/v2\/posts\/25097\/revisions"}],"wp:attachment":[{"href":"https:\/\/obscom.intervozes.org.br\/index.php?rest_route=%2Fwp%2Fv2%2Fmedia&parent=25097"}],"wp:term":[{"taxonomy":"category","embeddable":true,"href":"https:\/\/obscom.intervozes.org.br\/index.php?rest_route=%2Fwp%2Fv2%2Fcategories&post=25097"},{"taxonomy":"post_tag","embeddable":true,"href":"https:\/\/obscom.intervozes.org.br\/index.php?rest_route=%2Fwp%2Fv2%2Ftags&post=25097"}],"curies":[{"name":"wp","href":"https:\/\/api.w.org\/{rel}","templated":true}]}}