{"id":25089,"date":"2010-11-16T16:16:55","date_gmt":"2010-11-16T16:16:55","guid":{"rendered":"https:\/\/obscom.intervozes.org.br\/wordpress\/?p=25089"},"modified":"2014-09-07T03:01:13","modified_gmt":"2014-09-07T03:01:13","slug":"seminario-evidencia-necessidade-de-mudanca-na-legislacao-brasileira","status":"publish","type":"post","link":"https:\/\/obscom.intervozes.org.br\/?p=25089","title":{"rendered":"Semin\u00e1rio evidencia necessidade de mudan\u00e7a na legisla\u00e7\u00e3o brasileira"},"content":{"rendered":"\n<p style=\"margin-bottom: 0cm\" class=\"western\"><span class=\"padrao\">Quem pensou que poderia ouvir alguma informa&ccedil;&atilde;o sobre o andamento do anteprojeto de revis&atilde;o do marco regulat&oacute;rio brasileiro no Semin&aacute;rio Internacional das Comunica&ccedil;&otilde;es Eletr&ocirc;nicas e Converg&ecirc;ncia de M&iacute;dia se frustrou. No evento, que ocorreu em Bras&iacute;lia entre os dias 9 e 10 de novembro, o foco foi mesmo as experi&ecirc;ncias estrangeiras. Representantes de seis pa&iacute;ses (Argentina, Espanha, Estados Unidos, Fran&ccedil;a, Portugal e Reino Unido) expuseram como cada um regula a radiodifus&atilde;o, a telecomunica&ccedil;&atilde;o, a imprensa e, em alguns casos, a internet. <\/p>\n<p><\/span> <\/p>\n<p style=\"margin-bottom: 0cm\" class=\"padrao\">Al&eacute;m desses pa&iacute;ses, foram conhecidas as experi&ecirc;ncias de regula&ccedil;&otilde;es feita por blocos, como o da Uni&atilde;o Europeia e a Organiza&ccedil;&atilde;o para a Coopera&ccedil;&atilde;o e Desenvolvimento Econ&ocirc;mico (OCDE). A Organiza&ccedil;&atilde;o das Na&ccedil;&otilde;es Unidas para a Educa&ccedil;&atilde;o, a Ci&ecirc;ncia e a Cultura (Unesco) tamb&eacute;m apresentou um estudo comparativo, fazendo indica&ccedil;&otilde;es ao Brasil. Somadas todas as apresenta&ccedil;&otilde;es foi poss&iacute;vel ter uma amostra significativa de distintas realidades que demonstrou que nosso pa&iacute;s necessita modernizar suas leis para adequ&aacute;-las &agrave; converg&ecirc;ncia de m&iacute;dias e torn&aacute;-las mais eficientes a fim de aumentar a pluralidade e diversidade na m&iacute;dia.  <\/p>\n<p style=\"margin-bottom: 0cm\" class=\"western\"><span class=\"padrao\"><br \/>Mas e a revis&atilde;o do nosso marco legal? Sobre isso ainda pouco se sabe. O que o governo tem dito &eacute; que deve finalizar a proposta de anteprojeto ainda este ano e que, caber&aacute; ao pr&oacute;ximo governo, de Dilma Rousseff, decidir como encaminhar o processo. A ideia &eacute; primeiro azeitar as diverg&ecirc;ncias dentro do Executivo, para depois abri-lo &agrave; sociedade. <\/p>\n<p><\/span> <\/p>\n<p style=\"margin-bottom: 0cm\" class=\"western\"><span class=\"padrao\">Tanto a presidenta Dilma quanto o ministro chefe da Secretaria de Comunica&ccedil;&atilde;o Social, Franklin Martins, j&aacute; afirmaram que ser&aacute; importante, depois de feita a proposta do governo, submet&ecirc;-la a um amplo debate. O ministro tem citado algumas vezes a possibilidade de se fazer uma consulta p&uacute;blica, assim como ocorrem com outros processos, como a revis&atilde;o da Lei Rouanet e a cria&ccedil;&atilde;o do marco civil para a internet no Brasil.<\/p>\n<p><\/span> <\/p>\n<p style=\"margin-bottom: 0cm\" class=\"western\"><span class=\"padrao\">No entanto, organiza&ccedil;&otilde;es da sociedade civil, que ainda desconhecem o que est&aacute; sendo produzido pelo governo, t&ecirc;m ficado apreensivas e com receio do encaminhamento que se dar&aacute; &agrave; proposta. Uma avalia&ccedil;&atilde;o que tem aparecido com frequ&ecirc;ncia &eacute; a de que seria pior encaminhar o anteprojeto direto ao Congresso. <\/p>\n<p><\/span> <\/p>\n<p style=\"margin-bottom: 0cm\" class=\"western\"><span class=\"padrao\">&ldquo;Est&atilde;o fazendo de uma forma meio a&ccedil;odada, com rapidez, e n&atilde;o tem convidado o movimento social para debater. N&oacute;s achamos que, mesmo que nossas estejam contempladas, n&oacute;s ter&iacute;amos que ser ouvidos nem que seja para tomar conhecimento pr&eacute;vio do que foi elaborado pelo governo antes que seja enviado ao Congresso Nacional&rdquo;, defende Jos&eacute; S&oacute;ter, coordenador geral da Associa&ccedil;&atilde;o Brasileira de R&aacute;dios Comunit&aacute;rias (Abra&ccedil;o). <\/p>\n<p><\/span> <\/p>\n<p style=\"margin-bottom: 0cm\" class=\"western\"><span class=\"padrao\">O receio &eacute; que os parlamentares possam diminuir a incid&ecirc;ncia da sociedade sobre o projeto. Como avalia Jo&atilde;o Brant, do Intervozes &ndash; Coletivo Brasil de Comunica&ccedil;&atilde;o Social, &ldquo;o debate no Congresso claramente se d&aacute; em condi&ccedil;&otilde;es mais fechadas&rdquo;. <\/p>\n<p><\/span> <\/p>\n<p style=\"margin-bottom: 0cm\" class=\"western\"><span class=\"padrao\">At&eacute; parlamentares concordam com a proposta das organiza&ccedil;&otilde;es sociais. A deputada federal Luiza Erundina (PSB-SP) reconhece que o Congresso &eacute; resistente ao envolvimento da sociedade civil. Ela lembra tamb&eacute;m que a rela&ccedil;&atilde;o entre os poderes pode causar problemas. &ldquo; (O anteprojeto) n&atilde;o pode ser um prato pronto do Executivo porque vai encontrar mais resist&ecirc;ncia do Congresso se fizer isso. Sobretudo na defini&ccedil;&atilde;o de instrumentos legais, &eacute; preciso fazer um gerenciamento bastante cuidadoso na participa&ccedil;&atilde;o do Executivo, mas n&atilde;o passando a vers&atilde;o de que quem vai fazer esse ordenamento jur&iacute;dico ser&aacute; o governo. O Executivo tem maioria no Congresso e certamente vai ter um papel indispens&aacute;vel para conseguir que essa maioria consiga acolher as sugest&otilde;es que v&atilde;o vir para que ele fa&ccedil;a sua parte&rdquo;, opina. <\/p>\n<p><\/span> <\/p>\n<p style=\"margin-bottom: 0cm\" class=\"western\"><span class=\"padrao\">O jornalista, blogueiro e editor da Revista F&oacute;rum, Renato Rovai, defende que a sociedade civil &ndash; incluindo empres&aacute;rios &ndash; crie um campo da Confer&ecirc;ncia Nacional de Comunica&ccedil;&atilde;o (Confecom). Al&eacute;m de opinar em rela&ccedil;&atilde;o &agrave; revis&atilde;o do nosso marco regulat&oacute;rio, Rovai prop&otilde;e tamb&eacute;m que esse grupo fa&ccedil;a uma disputa em rela&ccedil;&atilde;o &agrave; composi&ccedil;&atilde;o do governo. &ldquo;O outro lado constantemente nomeia ministros. Se a gente n&atilde;o se articular minimamente, eles v&atilde;o escolher o pr&oacute;ximo ministro das Comunica&ccedil;&otilde;es. Ou mesmo n&atilde;o escolhendo, v&atilde;o ter algu&eacute;m l&aacute; que se submeter&aacute; aos caprichos e desejos desse segmento porque a pessoa acaba n&atilde;o tendo base social para construir apoio pol&iacute;tico&rdquo;, acredita. <\/p>\n<p><\/span> <\/p>\n<p style=\"margin-bottom: 0cm\" class=\"western\"><span class=\"padrao\"><strong>Semin&aacute;rio<\/strong><\/p>\n<p><\/span> <\/p>\n<p style=\"margin-bottom: 0cm\" class=\"western\"><span class=\"padrao\">Independente da incerteza sobre o anteprojeto que est&aacute; sendo preparado pelo governo, &eacute; certo que ele deve beber da fonte das experi&ecirc;ncias internacionais que foram apresentadas no semin&aacute;rio. N&atilde;o copiado, como frisou Franklin Martins, mas com refer&ecirc;ncias nas regula&ccedil;&otilde;es estrangeiras. Se isso acontecesse seria um avan&ccedil;o, segundo algumas organiza&ccedil;&otilde;es sociais da &aacute;rea. <\/p>\n<p><\/span> <\/p>\n<p style=\"margin-bottom: 0cm\" class=\"western\"><span class=\"padrao\">A secret&aacute;ria nacional de Comunica&ccedil;&atilde;o da Central &Uacute;nica dos Trabalhadores (CUT), Rosane Bertotti, elogiou a experi&ecirc;ncia portuguesa. &ldquo;O formato de organiza&ccedil;&atilde;o, de participa&ccedil;&atilde;o, tanto de um conselho regulador, com um conselho mais amplo, com atores da sociedade, deu a demonstra&ccedil;&atilde;o da constru&ccedil;&atilde;o de &oacute;rg&atilde;os reguladores sem censura&rdquo;, disse ela em refer&ecirc;ncia &agrave; Entidade Reguladora para a Comunica&ccedil;&atilde;o Social (ERC), que regula os conte&uacute;dos audiovisuais e impressos de Portugal. (<a href=\"http:\/\/localhost\/intervozes_direitoacomunicacao\/wordpress\/?p=25079\" target=\"_blank\">Portugal tem entidade para regular conte&uacute;dos na m&iacute;dia<\/a>)<\/p>\n<p><\/span> <\/p>\n<p style=\"margin-bottom: 0cm\" class=\"padrao\">O adjetivo &ldquo;atrasado&rdquo; foi usado por quase todos os representantes da sociedade civil ouvidos pela reportagem ao compararem o Brasil com os outros pa&iacute;ses. &ldquo;N&oacute;s estamos no per&iacute;odo paleozoico do debate da comunica&ccedil;&atilde;o. A dist&acirc;ncia &eacute; muito grande em rela&ccedil;&atilde;o &agrave;s regula&ccedil;&otilde;es existentes na Europa. S&atilde;o legisla&ccedil;&otilde;es que colocam quest&otilde;es que aqui a gente trata como se fossem fruto do autoritarismo&rdquo;, classificou Renato Rovai.  <\/p>\n<p style=\"margin-bottom: 0cm\" class=\"western\"><span class=\"padrao\"><br \/>Para Jo&atilde;o Brant as experi&ecirc;ncias internacionais demonstram que, nesses pa&iacute;ses, est&aacute; se entendendo que o benefici&aacute;rio dos servi&ccedil;os de comunica&ccedil;&atilde;o &eacute; o usu&aacute;rio e n&atilde;o as empresas. &ldquo;As empresas s&atilde;o exploradoras de concess&atilde;o e t&ecirc;m que responder ao interesse p&uacute;blico&rdquo;, diz. Ele ressalta tamb&eacute;m que o Brasil possui uma arquitetura institucional que n&atilde;o d&aacute; conta de preservar o interesse p&uacute;blico. &ldquo;O Brasil n&atilde;o tem um &oacute;rg&atilde;o regulador e nenhuma estrutura pronta para lidar com esse problema. N&atilde;o &eacute; s&oacute; uma falta de regras&rdquo;, avalia. <\/p>\n<p><\/span> <\/p>\n<p style=\"margin-bottom: 0cm\" class=\"western\"><span class=\"padrao\">Al&eacute;m das diverg&ecirc;ncias internas e da falta de vontade pol&iacute;tica de alguns parlamentares, o anteprojeto pode vir a sofrer duros ataques dos ve&iacute;culos da grande m&iacute;dia privada. &Eacute; o que j&aacute; tem acontecido com propostas de regula&ccedil;&atilde;o que vez ou outra aparecem no cen&aacute;rio, como a cria&ccedil;&atilde;o de conselhos estaduais, instala&ccedil;&atilde;o de mecanismos de monitoramento dos conte&uacute;dos, reserva de produ&ccedil;&atilde;o regional e independente, entre outros. <\/p>\n<p><\/span> <\/p>\n<p style=\"margin-bottom: 0cm\" class=\"padrao\">No entanto, h&aacute; uma avalia&ccedil;&atilde;o positiva de que, a partir do conhecimento das experi&ecirc;ncias apresentadas no semin&aacute;rio do governo &ndash; que trouxe pa&iacute;ses considerados democr&aacute;ticos -, fique mais evidente a necessidade de mudarmos a nossa regula&ccedil;&atilde;o. &ldquo;A maior parte dos pa&iacute;ses tem regula&ccedil;&atilde;o e os empres&aacute;rios sempre souberam. Isso desfaz as condi&ccedil;&otilde;es de um discurso de m&aacute;-f&eacute;. O que estava posto era um discurso de m&aacute;-f&eacute; por parte das empresas que n&atilde;o queriam regula&ccedil;&atilde;o nenhuma. O semin&aacute;rio vai inibi-los pelo menos da tentativa de afirmar esses espa&ccedil;os de regula&ccedil;&atilde;o de conte&uacute;do como censura&rdquo;, opina Jo&atilde;o Brant.  <\/p>\n","protected":false},"excerpt":{"rendered":"<p>Exemplos internacionais de regula&ccedil;&atilde;o apresentados em Brasilia apontam necessidade de mudan&ccedil;as nas leis que regem setor de comunica&ccedil;&atilde;o<\/p>\n","protected":false},"author":1,"featured_media":0,"comment_status":"open","ping_status":"open","sticky":false,"template":"","format":"standard","meta":{"footnotes":""},"categories":[40],"tags":[1409],"_links":{"self":[{"href":"https:\/\/obscom.intervozes.org.br\/index.php?rest_route=\/wp\/v2\/posts\/25089"}],"collection":[{"href":"https:\/\/obscom.intervozes.org.br\/index.php?rest_route=\/wp\/v2\/posts"}],"about":[{"href":"https:\/\/obscom.intervozes.org.br\/index.php?rest_route=\/wp\/v2\/types\/post"}],"author":[{"embeddable":true,"href":"https:\/\/obscom.intervozes.org.br\/index.php?rest_route=\/wp\/v2\/users\/1"}],"replies":[{"embeddable":true,"href":"https:\/\/obscom.intervozes.org.br\/index.php?rest_route=%2Fwp%2Fv2%2Fcomments&post=25089"}],"version-history":[{"count":1,"href":"https:\/\/obscom.intervozes.org.br\/index.php?rest_route=\/wp\/v2\/posts\/25089\/revisions"}],"predecessor-version":[{"id":28197,"href":"https:\/\/obscom.intervozes.org.br\/index.php?rest_route=\/wp\/v2\/posts\/25089\/revisions\/28197"}],"wp:attachment":[{"href":"https:\/\/obscom.intervozes.org.br\/index.php?rest_route=%2Fwp%2Fv2%2Fmedia&parent=25089"}],"wp:term":[{"taxonomy":"category","embeddable":true,"href":"https:\/\/obscom.intervozes.org.br\/index.php?rest_route=%2Fwp%2Fv2%2Fcategories&post=25089"},{"taxonomy":"post_tag","embeddable":true,"href":"https:\/\/obscom.intervozes.org.br\/index.php?rest_route=%2Fwp%2Fv2%2Ftags&post=25089"}],"curies":[{"name":"wp","href":"https:\/\/api.w.org\/{rel}","templated":true}]}}