{"id":25087,"date":"2010-11-16T15:52:35","date_gmt":"2010-11-16T15:52:35","guid":{"rendered":"https:\/\/obscom.intervozes.org.br\/wordpress\/?p=25087"},"modified":"2010-11-16T15:52:35","modified_gmt":"2010-11-16T15:52:35","slug":"papel-da-internet-nas-eleicoes-foi-subestimada-pela-midia","status":"publish","type":"post","link":"https:\/\/obscom.intervozes.org.br\/?p=25087","title":{"rendered":"Papel da internet nas elei\u00e7\u00f5es foi subestimada pela m\u00eddia"},"content":{"rendered":"<p class=\"padrao\">Especialistas em internet que estiveram &agrave; frente das campanhas presidenciais mais votadas acreditam que a internet foi essencial para o desenrolar das elei&ccedil;&otilde;es. Sem ela n&atilde;o teria acontecido segundo turno, acredita Caio T&uacute;lio Costa, jornalista, consultor de novas m&iacute;dias e coordenador de campanha de Marina Silva (PV). A internet possibilitou a cria&ccedil;&atilde;o de novo polo formador de opini&atilde;o, Marcelo Branco, ativista pela liberdade do conhecimento &ndash; como se define &#8211; e coordenador da campanha de Dilma Roussef (PT) nas m&iacute;dias sociais. &ldquo;Pela primeira vez temos um terceiro bloco formador de opini&atilde;o. Os blocos tradicionais sempre foram os partidos e candidatos, e do outro lado a imprensa. Eles formavam a impress&atilde;o do leitor&rdquo;, contou no 4&ordm; Semin&aacute;rio Internacional de Jornalismo Online (MediaOn), que aconteceu dias 9, 10 e 11 na capital paulista. Tamb&eacute;m participou da mesa a coordenadora da campanha online de Jos&eacute; Serra (PSDB), ex-vereadora da cidade Soninha Francine.<\/p>\n<p class=\"padrao\">&nbsp;<\/p>\n<p class=\"padrao\">Caio T&uacute;lio acredita que foi a internet que fez Marina Silva atingir 20 milh&otilde;es de votos &ndash; algo que apontou como in&eacute;dito no pa&iacute;s em se tratando de um 3&ordm; colocado no pleito. Inicialmente com um desconhecimento de 60% por parte dos eleitores e com apenas 1 min e 23 s na TV contra 12 min de Dilma e 9 min de Serra, montaram estrat&eacute;gia eficiente na internet, com uso intenso de redes sociais dividida em 12 frentes como Blog, Twitter, sistema de arrecada&ccedil;&atilde;o online entre outros. Esse trabalho levaou a condidatura a arrecadar 170 mil reais, doados por 2 mil pessoas, em 58 dos 242 dias que duraram sua campanha na internet. Caio segmentou os eleitores por rede social: &ldquo;no Orkut a gente falava com os evang&eacute;licos, Facebook fal&aacute;vamos com classe m&eacute;dia intelecutalizada, no twitter falamos com vanguarda da internet&rdquo;.<\/p>\n<p class=\"padrao\">&nbsp;<\/p>\n<p class=\"padrao\">Marcelo, coordenador de m&iacute;dias sociais da campanha petista, acredita que a internet d&aacute; possibilidade aos eleitores se expressarem pelas redes sociais, &ldquo; possibilidade que milh&otilde;es de pessoas tenham sua express&atilde;o e postem isso na internet&rdquo;, e passaram a influenciar os candidatos. Soninha mencionou que a propaganda eleitoral tem apenas dez minutos, que um panfleto de debates televisivos n&atilde;o conseguem aprofundar temas tanto quanto a internet, onde se pode oferecer mais conte&uacute;do. Para Marcelo, tratou-se de democratiza&ccedil;&atilde;o da campanha, ainda que a base social de apoio ao governo do PT sejam os desconectados.<\/p>\n<p class=\"padrao\">&nbsp;<\/p>\n<p class=\"padrao\">Ao contr&aacute;rio do candidato Jos&eacute; Serra, que Marcelo acredita ter tido o apoio da m&iacute;dia de massas em vozes como as de Reinaldo Azevedo e Ricardo Noblat, na campanha de Dilma as redes sociais pautaram a &ldquo;mass media&rdquo;, e n&atilde;o a m&iacute;dia pautou as redes, como acontecia com o advers&aacute;rio.<\/p>\n<p class=\"padrao\">&nbsp;<\/p>\n<p class=\"padrao\">Citou como os melhores momentos da campanha online o caso da publicidade da Globo que fazia apologia ao slogan do candidato tucano &ldquo;O Brasil pode mais&rdquo;, e quando Lula foi entrevistado no Jornal Nacional. Esses fatos que a princ&iacute;pio pareciam negativos para a campanha, ajudaram quando a emissora se desculpou por insinuar prefer&ecirc;ncia. A capa da &Eacute;poca que &ldquo;pretendia ser negativa acabou sendo positiva&rdquo;, e virou material de campanha em camisetas e canecas. Marcelo tamb&eacute;m lembrou a repercuss&atilde;o no Twitter do &ldquo;Dilma facts by folha&rdquo; e o &ldquo;bola de papel facts&rdquo;, que ficou pouco mais de um dia no Twitter mundial.<\/p>\n<p class=\"padrao\">&nbsp;<\/p>\n<p class=\"padrao\">Uma das principais caracter&iacute;sticas da campanha que o PT fez online contou com engajamento de militantes ou simpatizantes em blogs e redes sociais diversas. Para Soninha, que controlava o conte&uacute;do do site da campanha tucana ao plantalto, a internet permite o engajamento volunt&aacute;rio, um&nbsp; aspecto da campanha que faz diferen&ccedil;a pois &ldquo;&eacute; cada vez &eacute; mais dificil as pessoas fazerem campanha de gra&ccedil;a&rdquo;. Na campanha de Serra, doa&ccedil;&atilde;o por internet n&atilde;o foi substancial. A coordenadora esperava pouco da internet, mas se empolgou ao longo da campanha com o feedback de militantes online inesperados, como donas de casa e idosos.<\/p>\n<p class=\"padrao\">&nbsp;<\/p>\n<p class=\"padrao\">Campanha online<\/p>\n<p class=\"padrao\">&nbsp;<\/p>\n<p class=\"padrao\">&ldquo;Visitamos os estados, consultamos sete mil pessoas, conhecemos pessoas que seriam motores da campanha da Dilma na internet&rdquo;, explica Marcelo, contratado em abril. Foi essa experi&ecirc;ncia que o permitiu conhecer a base social que daria sustenta&ccedil;&atilde;o para a campanha, que define como descentralizada e feita principalmente por volunt&aacute;rios, acrescenta.<\/p>\n<p class=\"padrao\">&nbsp;<\/p>\n<p class=\"padrao\">Marcelo acredita que campanha na internet &eacute; diferente, e a constru&ccedil;&atilde;o do  coletivo tem que se dar de forma colaborativa. &ldquo;O que funciona na rede &eacute;  imprevisivel ainda. Temos que aproveitar qualidade da contru&ccedil;&atilde;o  colaborativa. N&atilde;o centramos a campanha no dilma.com.br, e blog&rdquo;. Foram  milhares de ativistas e blogueiros que se somaram &agrave; campanha oficial &#8211;  &ldquo;a melhor cobertura n&atilde;o foi feita por n&oacute;s, foi feita pelos outros&rdquo;.  Considera a melhor atua&ccedil;&atilde;o a feita na blogosfera, e a pior no Facebook. <\/p>\n<p class=\"padrao\">&nbsp;<\/p>\n<p class=\"padrao\">A campanha de Serra, assim como a de Dilma, separava internet de outras m&iacute;dias. &ldquo;A nossa configura&ccedil;&atilde;o de internet era diferente. A gente n&atilde;o tinha coordenador de m&iacute;dias sociais, eu era respons&aacute;vel pelo site&nbsp; oficial&rdquo;, afirmou a ex-vereadora que se integrou a campanha em julho. A data avan&ccedil;ada impediu a equipe de ter um formato definido para tocar a rede desde o come&ccedil;o, afirmou.<\/p>\n<p class=\"padrao\">&nbsp;<\/p>\n<p class=\"padrao\">&ldquo;O que imaginamos de internauta tipico se mostrou uma minoria na campanha&rdquo;, disse Soninha. Ela se surpreendeu por mensagens com sugest&otilde;es, cr&iacute;ticas &agrave; campanha, e elogios de pessoas inesperadas, como &ldquo;agricultores do interior do Esp&iacute;rito Santo&rdquo;, idosos, donas de casa. Para ela, o site e a rede acabaram por ser n&atilde;o s&oacute; oferta de conte&uacute;do, mas ponto de encontro para militantes dos perfis mais diversificados, cujo encontro f&iacute;sico jamais se daria.<\/p>\n<p class=\"padrao\">&nbsp;<\/p>\n<p class=\"padrao\">Amea&ccedil;a<\/p>\n<p class=\"padrao\">O f&oacute;rum mais democr&aacute;tico da internet, onde a constru&ccedil;&atilde;o de conte&uacute;do &eacute; colaborativa e as pessoas podem se expressar com certa amplitude est&aacute; amea&ccedil;ado pela tramita&ccedil;&atilde;o do Projeto de Lei (PL) 84\/99, do senador Eduardo Azeredo (PSDB), lembrou Marcelo e Caio durante o debate do MediaOn. O PL se caracteriza por criminalizar a&ccedil;&otilde;es da internet como download e compartilhamento de mp3, entre outros.<\/p>\n<p class=\"padrao\">&nbsp;<\/p>\n<p class=\"padrao\">&ldquo;Internet &eacute; sempre criminalizada&rdquo;, afirmou Marcelo quanto &agrave; pergunta sobre baixaria nas elei&ccedil;&otilde;es. &ldquo;N&atilde;o foi na internet, foi nas campanhas pol&iacute;ticas&rdquo;. O coordenador da campanha digital petista afirmou a baixaria se deu com acusa&ccedil;&otilde;es falsas, fraudes e declara&ccedil;&otilde;es suspeitas, que apenas foram reproduzidas na internet e ganharam uma repercuss&atilde;o diferente.<\/p>\n<p class=\"padrao\">&nbsp;<\/p>\n<p class=\"padrao\">Marcelo e Caio foram a favor de um pacto, no pr&oacute;prio ato do debate, de combate &agrave; lei de cibercrimes. &ldquo;N&atilde;o passar&atilde;o&rdquo;, disse um e repetiu o outro. Soninha n&atilde;o se manifestou.<\/p>\n","protected":false},"excerpt":{"rendered":"<p>Coordenadores de candidaturas online afirmam que debate na internet  levou elei&ccedil;&otilde;es ao segundo turno e mostrou um novo polo formador de  opini&atilde;o<\/p>\n","protected":false},"author":1,"featured_media":0,"comment_status":"open","ping_status":"open","sticky":false,"template":"","format":"standard","meta":{"footnotes":""},"categories":[40],"tags":[1440],"_links":{"self":[{"href":"https:\/\/obscom.intervozes.org.br\/index.php?rest_route=\/wp\/v2\/posts\/25087"}],"collection":[{"href":"https:\/\/obscom.intervozes.org.br\/index.php?rest_route=\/wp\/v2\/posts"}],"about":[{"href":"https:\/\/obscom.intervozes.org.br\/index.php?rest_route=\/wp\/v2\/types\/post"}],"author":[{"embeddable":true,"href":"https:\/\/obscom.intervozes.org.br\/index.php?rest_route=\/wp\/v2\/users\/1"}],"replies":[{"embeddable":true,"href":"https:\/\/obscom.intervozes.org.br\/index.php?rest_route=%2Fwp%2Fv2%2Fcomments&post=25087"}],"version-history":[{"count":0,"href":"https:\/\/obscom.intervozes.org.br\/index.php?rest_route=\/wp\/v2\/posts\/25087\/revisions"}],"wp:attachment":[{"href":"https:\/\/obscom.intervozes.org.br\/index.php?rest_route=%2Fwp%2Fv2%2Fmedia&parent=25087"}],"wp:term":[{"taxonomy":"category","embeddable":true,"href":"https:\/\/obscom.intervozes.org.br\/index.php?rest_route=%2Fwp%2Fv2%2Fcategories&post=25087"},{"taxonomy":"post_tag","embeddable":true,"href":"https:\/\/obscom.intervozes.org.br\/index.php?rest_route=%2Fwp%2Fv2%2Ftags&post=25087"}],"curies":[{"name":"wp","href":"https:\/\/api.w.org\/{rel}","templated":true}]}}