{"id":25083,"date":"2010-11-10T16:26:30","date_gmt":"2010-11-10T16:26:30","guid":{"rendered":"https:\/\/obscom.intervozes.org.br\/wordpress\/?p=25083"},"modified":"2010-11-10T16:26:30","modified_gmt":"2010-11-10T16:26:30","slug":"empresario-teme-confusao-no-setor-de-comunicacoes-com-construcao-apressada-de-marco-regulatorio","status":"publish","type":"post","link":"https:\/\/obscom.intervozes.org.br\/?p=25083","title":{"rendered":"Empres\u00e1rio teme confus\u00e3o no setor de comunica\u00e7\u00f5es com constru\u00e7\u00e3o \u201capressada\u201d de marco regulat\u00f3rio"},"content":{"rendered":"<p><span class=\"padrao\">O presidente do Grupo Bandeirantes, Jo&atilde;o Carlos Saad, ou Johnny Saad, como &eacute; mais conhecido, afirmou hoje (10) que o pa&iacute;s precisa de um marco regulat&oacute;rio sobre a comunica&ccedil;&atilde;o eletr&ocirc;nica, mas que a discuss&atilde;o est&aacute; sendo feita de forma apressada e descoordenada.<\/span><\/p>\n<p>&nbsp;<\/p>\n<p><span class=\"padrao\">&ldquo;Construir todo um marco regulat&oacute;rio em 30 dias, depois de uma elei&ccedil;&atilde;o de dois turnos, tem alguma coisa esquisita. Para que isso? A menos que se queira fazer uma grande confus&atilde;o no setor&rdquo;, afirmou.<\/span><\/p>\n<p>&nbsp;<\/p>\n<p><span class=\"padrao\">&ldquo;O governo do PT terceirizou o Minist&eacute;rio das Comunica&ccedil;&otilde;es ao longo desses oito anos. N&atilde;o teve nenhum petista que assumiu o minist&eacute;rio. Discutir esse setor, agora, me parece algo estranho. N&atilde;o quer dizer que eu n&atilde;o ache que existem vazios graves e que precisam ser discutidos, negociados e normatizados&rdquo;, afirmou Johnny Saad &agrave; Ag&ecirc;ncia Brasil.<\/span><\/p>\n<p>&nbsp;<\/p>\n<p><span class=\"padrao\">Segundo o empres&aacute;rio, que acompanha em Bras&iacute;lia o Semin&aacute;rio Internacional sobre Converg&ecirc;ncia de M&iacute;dias, o cen&aacute;rio &eacute; &ldquo;ca&oacute;tico&rdquo;: enquanto a Secretaria de Comunica&ccedil;&atilde;o da Presid&ecirc;ncia da Rep&uacute;blica (Secom) anuncia que vai deixar pronto um anteprojeto de lei regulamentando a converg&ecirc;ncia de telefonia, inform&aacute;tica e televis&atilde;o e a Ag&ecirc;ncia Nacional de Telecomunica&ccedil;&otilde;es (Anatel) amea&ccedil;a liberar licen&ccedil;as de concess&atilde;o de TV paga, no Congresso Nacional h&aacute; &ldquo;um monte de &#39;teledeputados&#39; for&ccedil;ando a aprova&ccedil;&atilde;o do PL [Projeto de Lei] 29 a qualquer custo, s&oacute; para favorecer as teles&rdquo;.<\/span><\/p>\n<p>&nbsp;<\/p>\n<p><span class=\"padrao\">O Projeto de Lei n&ordm; 29 de 2007 muda a lei de TV a cabo e permite a oferta de canais pagos por empresas de telefonia. Al&eacute;m desse PL, empres&aacute;rios do setor da radiodifus&atilde;o e da imprensa t&ecirc;m queixa (inclusive uma a&ccedil;&atilde;o no Supremo Tribunal Federal) contra o fato de uma empresa estrangeira de telefonia manter portal com not&iacute;cias, o que, para eles, contraria a Constitui&ccedil;&atilde;o Federal.<\/span><\/p>\n<p>&nbsp;<\/p>\n<p><span class=\"padrao\">O dono do Grupo Bandeirantes imagina que a regulamenta&ccedil;&atilde;o do setor ser&aacute; tratada pelo pr&oacute;ximo governo. &ldquo;&Eacute; um setor estrat&eacute;gico e vital. Tenho certeza que a presidenta Dilma Rousseff est&aacute; olhando de perto e que o partido [PT] possivelmente vai tocar com o PMDB essa pasta&rdquo;, disse se referindo ao comando do Minist&eacute;rio das Comunica&ccedil;&otilde;es.<\/span><\/p>\n<p>&nbsp;<\/p>\n<p><span class=\"padrao\">Quanto ao semin&aacute;rio, Johnny Saad ponderou que as experi&ecirc;ncias europeias apresentadas no encontro (casos de regula&ccedil;&atilde;o em Portugal, na Espanha, Fran&ccedil;a e Inglaterra) n&atilde;o servem de refer&ecirc;ncia para o Brasil. Segundo ele, aqueles pa&iacute;ses t&ecirc;m um modelo de radiodifus&atilde;o diferente, baseado em canais p&uacute;blicos e com participa&ccedil;&atilde;o de empresas privadas h&aacute; menos tempo que no Brasil.<\/span><\/p>\n<p>&nbsp;<\/p>\n<p><span class=\"padrao\">O semin&aacute;rio termina agora de tarde com a apresenta&ccedil;&atilde;o das experi&ecirc;ncias de regulamenta&ccedil;&atilde;o da converg&ecirc;ncia de m&iacute;dias nos Estados Unidos e na Argentina.<\/span><\/p>\n<p>&nbsp;<\/p>\n","protected":false},"excerpt":{"rendered":"<p>O presidente do Grupo Bandeirantes, Jo&atilde;o Carlos Saad, ou Johnny Saad, como &eacute; mais conhecido, afirmou hoje (10) que o pa&iacute;s precisa de um marco regulat&oacute;rio sobre a comunica&ccedil;&atilde;o eletr&ocirc;nica, mas que a discuss&atilde;o est&aacute; sendo feita de forma apressada e descoordenada. &nbsp; &ldquo;Construir todo um marco regulat&oacute;rio em 30 dias, depois de uma elei&ccedil;&atilde;o &hellip; <a href=\"https:\/\/obscom.intervozes.org.br\/?p=25083\" class=\"more-link\">Continue lendo <span class=\"screen-reader-text\">Empres\u00e1rio teme confus\u00e3o no setor de comunica\u00e7\u00f5es com constru\u00e7\u00e3o \u201capressada\u201d de marco regulat\u00f3rio<\/span> <span class=\"meta-nav\">&rarr;<\/span><\/a><\/p>\n","protected":false},"author":1,"featured_media":0,"comment_status":"open","ping_status":"open","sticky":false,"template":"","format":"standard","meta":{"footnotes":""},"categories":[40],"tags":[999],"_links":{"self":[{"href":"https:\/\/obscom.intervozes.org.br\/index.php?rest_route=\/wp\/v2\/posts\/25083"}],"collection":[{"href":"https:\/\/obscom.intervozes.org.br\/index.php?rest_route=\/wp\/v2\/posts"}],"about":[{"href":"https:\/\/obscom.intervozes.org.br\/index.php?rest_route=\/wp\/v2\/types\/post"}],"author":[{"embeddable":true,"href":"https:\/\/obscom.intervozes.org.br\/index.php?rest_route=\/wp\/v2\/users\/1"}],"replies":[{"embeddable":true,"href":"https:\/\/obscom.intervozes.org.br\/index.php?rest_route=%2Fwp%2Fv2%2Fcomments&post=25083"}],"version-history":[{"count":0,"href":"https:\/\/obscom.intervozes.org.br\/index.php?rest_route=\/wp\/v2\/posts\/25083\/revisions"}],"wp:attachment":[{"href":"https:\/\/obscom.intervozes.org.br\/index.php?rest_route=%2Fwp%2Fv2%2Fmedia&parent=25083"}],"wp:term":[{"taxonomy":"category","embeddable":true,"href":"https:\/\/obscom.intervozes.org.br\/index.php?rest_route=%2Fwp%2Fv2%2Fcategories&post=25083"},{"taxonomy":"post_tag","embeddable":true,"href":"https:\/\/obscom.intervozes.org.br\/index.php?rest_route=%2Fwp%2Fv2%2Ftags&post=25083"}],"curies":[{"name":"wp","href":"https:\/\/api.w.org\/{rel}","templated":true}]}}