{"id":25081,"date":"2010-11-10T15:59:35","date_gmt":"2010-11-10T15:59:35","guid":{"rendered":"https:\/\/obscom.intervozes.org.br\/wordpress\/?p=25081"},"modified":"2010-11-10T15:59:35","modified_gmt":"2010-11-10T15:59:35","slug":"monopolios-nas-comunicacoes-sao-preocupacao-de-relator-da-onu","status":"publish","type":"post","link":"https:\/\/obscom.intervozes.org.br\/?p=25081","title":{"rendered":"Monop\u00f3lios nas comunica\u00e7\u00f5es s\u00e3o preocupa\u00e7\u00e3o de relator da ONU"},"content":{"rendered":"<p class=\"padrao\"><span class=\"padrao\">Frank La Rue falou sobre os tr&ecirc;s desafios ao  direito &agrave; comunica&ccedil;&atilde;o neste s&eacute;culo. Para ele, &eacute; necess&aacute;rio mudar  legisla&ccedil;&otilde;es que censuram, acabar com a persegui&ccedil;&atilde;o aos jornalistas e  instalar o princ&iacute;pio da pluralidade e da universalidade na comunica&ccedil;&atilde;o. O  maior entrave para isso, afirmou La Rue, &eacute; a concentra&ccedil;&atilde;o de ve&iacute;culos.<\/span><\/p>\n<p class=\"padrao\">&nbsp;<\/p>\n<p class=\"padrao\">O  relator da ONU afirmou que o conceito de liberdade de imprensa &eacute;  praticamente um consenso no mundo, mas n&atilde;o inclui os radiodifusores  comunit&aacute;rios. Ele alertou que &eacute; necess&aacute;rio compreender que a liberdade  de express&atilde;o &eacute; direito individual e tamb&eacute;m &eacute; direito dos grupos.<\/p>\n<p class=\"padrao\">&nbsp;<\/p>\n<p class=\"padrao\">La  Rue lembrou que quando um grupo n&atilde;o pode acessar um meio de  comunica&ccedil;&atilde;o, muitos direitos s&atilde;o negados. Por exemplo, se os povos  ind&iacute;genas n&atilde;o podem se expressar em sua l&iacute;ngua v&atilde;o perder o direito a  manter a cultura tradicional. O relator &eacute; respons&aacute;vel por receber  den&uacute;ncias sobre viola&ccedil;&otilde;es ao direito &agrave; comunica&ccedil;&atilde;o e relatar os casos em  um informe anual aos governos sobre liberdade de express&atilde;o.<\/p>\n<p class=\"padrao\">&nbsp;<\/p>\n<p class=\"padrao\">Ao  responder perguntas da plat&eacute;ia, La Rue enfatizou o problema da  criminaliza&ccedil;&atilde;o dos radiodifusores. &Eacute; um realidade no Brasil que se  repete em outro pa&iacute;ses. Recentemente, no M&eacute;xico, um jornalista  comunit&aacute;rio foi penalizado a dois anos de cadeia por comunicar. O  relator da ONU defende o estado como regulador na comunica&ccedil;&atilde;o. Mas  afirma que as san&ccedil;&otilde;es deveriam ser definidas pelo direito civil e n&atilde;o  como crimes, por meio do direito penal.<\/p>\n<p class=\"padrao\">&nbsp;<\/p>\n<p class=\"padrao\">Frank  La Rue opinou que as r&aacute;dios comunit&aacute;rias n&atilde;o devem ter um papel menor  na radiodifus&atilde;o. E esse fato passa pelo direito a transmitir em pot&ecirc;ncia  igual a das r&aacute;dios p&uacute;blicas e comerciais. Por isso, as leis n&atilde;o  deveriam determinar uma pot&ecirc;ncia em princ&iacute;pio.<\/p>\n<p class=\"padrao\">&nbsp;<\/p>\n<p class=\"padrao\">No  Brasil a pot&ecirc;ncia m&aacute;xima &eacute; de 25Watts. Na Bol&iacute;via &eacute; de 50Watts. E isso  n&atilde;o &eacute; suficiente para falar, se quer, com um bairro na &aacute;rea urbana. A  limita&ccedil;&atilde;o tamb&eacute;m impossibilita a comunica&ccedil;&atilde;o comunit&aacute;ria em &aacute;rea rural  quando a pot&ecirc;ncia permitida n&atilde;o chega na vizinhan&ccedil;a.<\/p>\n<p class=\"padrao\">&nbsp;<\/p>\n<p class=\"padrao\">Houve  outras sete interven&ccedil;&otilde;es na mesa principal relatando a realidade de  todos os continentes e os desafios da comunica&ccedil;&atilde;o neste s&eacute;culo na manh&atilde;  de hoje (09\/11) na 10&ordf; Assembl&eacute;ia Mundial das R&aacute;dios Comunit&aacute;rias.<\/p>\n<p class=\"padrao\">&nbsp;<\/p>\n<p class=\"padrao\">Um  dos destaques entre os debatedores foi o desafio do acesso &agrave;s novas  tecnologias. A vice-presidente da AMARC, Aleida Calleja, lembrou que a  converg&ecirc;ncia tecnol&oacute;gica pode colaborar com a democracia e o direito &agrave;  comunica&ccedil;&atilde;o.<\/p>\n<p class=\"padrao\">&nbsp;<\/p>\n<p class=\"padrao\"><span class=\"padrao\">No entanto, alertou  que as tecnologias digitais podem representar tamb&eacute;m uma amea&ccedil;a com o  aumento da concentra&ccedil;&atilde;o de meios. E por isso &eacute; fundamental lutar por  acesso universal &agrave;s tecnologias novas. <\/span><\/p>\n","protected":false},"excerpt":{"rendered":"<p><span class=\"padrao\">A enorme concentra&ccedil;&atilde;o de r&aacute;dios e TVs nas  m&atilde;os de  poucos &eacute; um dos maiores problemas quando o assunto &eacute; liberdade  de  express&atilde;o. Essa &eacute; a opini&atilde;o do relator especial da ONU sobre Direito &agrave;   Liberdade de Opini&atilde;o e Express&atilde;o.<\/span><\/p>\n","protected":false},"author":1,"featured_media":0,"comment_status":"open","ping_status":"open","sticky":false,"template":"","format":"standard","meta":{"footnotes":""},"categories":[40],"tags":[230],"_links":{"self":[{"href":"https:\/\/obscom.intervozes.org.br\/index.php?rest_route=\/wp\/v2\/posts\/25081"}],"collection":[{"href":"https:\/\/obscom.intervozes.org.br\/index.php?rest_route=\/wp\/v2\/posts"}],"about":[{"href":"https:\/\/obscom.intervozes.org.br\/index.php?rest_route=\/wp\/v2\/types\/post"}],"author":[{"embeddable":true,"href":"https:\/\/obscom.intervozes.org.br\/index.php?rest_route=\/wp\/v2\/users\/1"}],"replies":[{"embeddable":true,"href":"https:\/\/obscom.intervozes.org.br\/index.php?rest_route=%2Fwp%2Fv2%2Fcomments&post=25081"}],"version-history":[{"count":0,"href":"https:\/\/obscom.intervozes.org.br\/index.php?rest_route=\/wp\/v2\/posts\/25081\/revisions"}],"wp:attachment":[{"href":"https:\/\/obscom.intervozes.org.br\/index.php?rest_route=%2Fwp%2Fv2%2Fmedia&parent=25081"}],"wp:term":[{"taxonomy":"category","embeddable":true,"href":"https:\/\/obscom.intervozes.org.br\/index.php?rest_route=%2Fwp%2Fv2%2Fcategories&post=25081"},{"taxonomy":"post_tag","embeddable":true,"href":"https:\/\/obscom.intervozes.org.br\/index.php?rest_route=%2Fwp%2Fv2%2Ftags&post=25081"}],"curies":[{"name":"wp","href":"https:\/\/api.w.org\/{rel}","templated":true}]}}