{"id":25078,"date":"2010-11-09T19:42:34","date_gmt":"2010-11-09T19:42:34","guid":{"rendered":"https:\/\/obscom.intervozes.org.br\/wordpress\/?p=25078"},"modified":"2010-11-09T19:42:34","modified_gmt":"2010-11-09T19:42:34","slug":"unesco-aponta-falhas-na-regulacao-da-midia-brasileira","status":"publish","type":"post","link":"https:\/\/obscom.intervozes.org.br\/?p=25078","title":{"rendered":"Unesco aponta falhas na regula\u00e7\u00e3o da m\u00eddia brasileira"},"content":{"rendered":"\n<p style=\"margin-bottom: 0cm\" class=\"padrao\">Se o sistema de comunica&ccedil;&atilde;o do Brasil passasse por um teste feito pela Organiza&ccedil;&atilde;o das Na&ccedil;&otilde;es Unidas para a Educa&ccedil;&atilde;o, a Ci&ecirc;ncia e a Cultura (Unesco) &eacute; bem prov&aacute;vel que seria reprovado. De acordo com os par&acirc;metros da organiza&ccedil;&atilde;o mundial, nosso pa&iacute;s precisa melhorar em v&aacute;rios aspectos  a sua legisla&ccedil;&atilde;o e sua regula&ccedil;&atilde;o das leis. &Eacute; o que ficou claro nas exposi&ccedil;&otilde;es de Toby Mendel e Wijayananda Jayaweera, os dois representantes da entidade presentes no Semin&aacute;rio Internacional Converg&ecirc;ncia de M&iacute;dias, que ocorre nesta ter&ccedil;a (9) e quarta (10), em Bras&iacute;lia.  <\/p>\n<p style=\"margin-bottom: 0cm\" class=\"western\"> <\/p>\n<p style=\"margin-bottom: 0cm\" class=\"padrao\">Toby Mendel &eacute; Consultor Internacional da Unesco e Wijayananda Jayaweera, diretor da Divis&atilde;o de Desenvolvimento da Comunica&ccedil;&atilde;o da organiza&ccedil;&atilde;o. Com base em pesquisa desenvolvida em diversos pa&iacute;ses, os dois expuseram alguns indicadores desenvolvidos pelo &oacute;rg&atilde;o. O Brasil n&atilde;o cumpre na totalidade nenhum deles.  <\/p>\n<p style=\"margin-bottom: 0cm\" class=\"western\"> <\/p>\n<p style=\"margin-bottom: 0cm\" class=\"padrao\">O modelo adotado no pa&iacute;s de regula&ccedil;&atilde;o da m&iacute;dia foi alvo de v&aacute;rias cr&iacute;ticas dos palestrantes. Diferente do que ocorre no pa&iacute;s, a Unesco acredita que a concess&atilde;o e renova&ccedil;&atilde;o de outorgas deveria ser feita por um &oacute;rg&atilde;o regulador independente, como ocorre em Portugal. Por aqui, ele passa pelo governo Federal e pelo Congresso. &ldquo;O sistema de licen&ccedil;as no pa&iacute;s n&atilde;o atende os requisitos de independ&ecirc;ncia&rdquo;, disse Toby Mendel.  <\/p>\n<p style=\"margin-bottom: 0cm\" class=\"western\"> <\/p>\n<p style=\"margin-bottom: 0cm\" class=\"padrao\">Al&eacute;m de achar o nosso sistema complexo, Toby tamb&eacute;m afirmou que ele &eacute; lento e pouco transparente. Ele lembrou que o momento de renova&ccedil;&atilde;o de uma outorga (que dura 10 anos para r&aacute;dios e 15 para televis&otilde;es) deveria ser prop&iacute;cio para que se avaliasse o servi&ccedil;o prestado pela emissora concession&aacute;ria. No Brasil, a legisla&ccedil;&atilde;o praticamente faz com que as renova&ccedil;&otilde;es sejam autom&aacute;ticas. Ela exige que para que uma outorga n&atilde;o seja renovada dois quintos do Congresso se manifeste contr&aacute;rio &#8211; e em vota&ccedil;&atilde;o nominal. Nem sequer audi&ecirc;ncias p&uacute;blicas ocorrem quando uma emissora tem sua outorga vencida.  <\/p>\n<p style=\"margin-bottom: 0cm\" class=\"western\"> <\/p>\n<p style=\"margin-bottom: 0cm\" class=\"padrao\">A regula&ccedil;&atilde;o de conte&uacute;do &ndash; t&atilde;o atacada pelas entidades midi&aacute;ticas patronais no Brasil &#8211; tamb&eacute;m foi defendida pelos membros da Unesco, devido o impacto que os meios de comunica&ccedil;&atilde;o t&ecirc;m na vida das pessoas. Essa regula&ccedil;&atilde;o deve ser ainda mais forte, segundo Mendel, na prote&ccedil;&atilde;o de grupos vulner&aacute;veis, como as crian&ccedil;as. Em caso de reclama&ccedil;&otilde;es dos usu&aacute;rios sobre algum conte&uacute;do, tamb&eacute;m &eacute; importante que exista um local para onde sejam encaminhadas reclama&ccedil;&otilde;es. Esse mesmo organismo aplicaria san&ccedil;&otilde;es aos que cometerem abusos.  <\/p>\n<p style=\"margin-bottom: 0cm\" class=\"western\"> <\/p>\n<p style=\"margin-bottom: 0cm\" class=\"padrao\">Apesar de defender uma regula&ccedil;&atilde;o externa, Toby Mendel tamb&eacute;m acredita ser positivo que as pr&oacute;prias emissoras criem seus c&oacute;digos de conduta. &ldquo;A autorregulamenta&ccedil;&atilde;o &eacute; uma alternativa que poderia ser adotada no pa&iacute;s&rdquo;, opinou. No entanto, ele fez uma ressalva de que esse sistema deve funcionar para qualificar os conte&uacute;dos e n&atilde;o para regular quest&otilde;es como a propriedade dos ve&iacute;culos.  <\/p>\n<p style=\"margin-bottom: 0cm\" class=\"western\"> <\/p>\n<p style=\"margin-bottom: 0cm\" class=\"padrao\">O consultor da Unesco tamb&eacute;m teceu coment&aacute;rios sobre os sistemas p&uacute;blico e comunit&aacute;rios de comunica&ccedil;&atilde;o no pa&iacute;s. Mendel qualificou o primeiro de pequeno, com financiamento limitado e n&atilde;o totalmente independente. Sobre as m&iacute;dias comunit&aacute;rias, Mendel avalia que elas ainda t&ecirc;m poucas frequencias no pa&iacute;s e sofrem de lentid&atilde;o em seus processos de outorga.<\/p>\n<p style=\"margin-bottom: 0cm\" class=\"western\"> <\/p>\n<p style=\"margin-bottom: 0cm\" class=\"padrao\">Assim como v&aacute;rias entidades que atuam nessa &aacute;rea, o consultor acredita que o marco legal precisa rever a forma de financiamento dessas emissoras. Ele defendeu que os ve&iacute;culos comunit&aacute;rios, por exemplo, recebam algum tipo de publicidade, nem que seja restrita &agrave; localidade onde atuam.  <\/p>\n<p style=\"margin-bottom: 0cm\" class=\"western\"> <\/p>\n<p style=\"margin-bottom: 0cm\" class=\"padrao\">Mesmo com todas as cr&iacute;ticas, o consultor da Unesco afirmou que tamb&eacute;m h&aacute; aspectos positivos no sistema de m&iacute;dia brasileiro. Ele elogiou a programa&ccedil;&atilde;o dos meios de comunica&ccedil;&atilde;o nacionais, o modelo de rede adotado pela radiodifus&atilde;o (fortalece a identidade nacional) e a vontade que existe entre os setores da sociedade em discutir o assunto.  <\/p>\n","protected":false},"excerpt":{"rendered":"<p>Em palestra no Semin&aacute;rio Internacional de Converg&ecirc;ncia de M&iacute;dias, membros da Unesco criticam a regula&ccedil;&atilde;o da m&iacute;dia no Brasil<\/p>\n","protected":false},"author":1,"featured_media":0,"comment_status":"open","ping_status":"open","sticky":false,"template":"","format":"standard","meta":{"footnotes":""},"categories":[40],"tags":[999],"_links":{"self":[{"href":"https:\/\/obscom.intervozes.org.br\/index.php?rest_route=\/wp\/v2\/posts\/25078"}],"collection":[{"href":"https:\/\/obscom.intervozes.org.br\/index.php?rest_route=\/wp\/v2\/posts"}],"about":[{"href":"https:\/\/obscom.intervozes.org.br\/index.php?rest_route=\/wp\/v2\/types\/post"}],"author":[{"embeddable":true,"href":"https:\/\/obscom.intervozes.org.br\/index.php?rest_route=\/wp\/v2\/users\/1"}],"replies":[{"embeddable":true,"href":"https:\/\/obscom.intervozes.org.br\/index.php?rest_route=%2Fwp%2Fv2%2Fcomments&post=25078"}],"version-history":[{"count":0,"href":"https:\/\/obscom.intervozes.org.br\/index.php?rest_route=\/wp\/v2\/posts\/25078\/revisions"}],"wp:attachment":[{"href":"https:\/\/obscom.intervozes.org.br\/index.php?rest_route=%2Fwp%2Fv2%2Fmedia&parent=25078"}],"wp:term":[{"taxonomy":"category","embeddable":true,"href":"https:\/\/obscom.intervozes.org.br\/index.php?rest_route=%2Fwp%2Fv2%2Fcategories&post=25078"},{"taxonomy":"post_tag","embeddable":true,"href":"https:\/\/obscom.intervozes.org.br\/index.php?rest_route=%2Fwp%2Fv2%2Ftags&post=25078"}],"curies":[{"name":"wp","href":"https:\/\/api.w.org\/{rel}","templated":true}]}}