{"id":25077,"date":"2010-11-09T10:25:52","date_gmt":"2010-11-09T10:25:52","guid":{"rendered":"https:\/\/obscom.intervozes.org.br\/wordpress\/?p=25077"},"modified":"2010-11-09T10:25:52","modified_gmt":"2010-11-09T10:25:52","slug":"tv-publica-voltara-a-ter-publicidade-para-criancas","status":"publish","type":"post","link":"https:\/\/obscom.intervozes.org.br\/?p=25077","title":{"rendered":"TV p\u00fablica voltar\u00e1 a ter publicidade para crian\u00e7as"},"content":{"rendered":"<p><span class=\"padrao\">Na sexta-feira dia 5, a imprensa destacou a fala da gerente de marketing da TV Cultura, Fl&aacute;via Cutolo, que afirmou que a emissora p&uacute;blica voltaria a veicular publicidade infantil depois de um intervalo de dois anos. <\/span><\/p>\n<p><span class=\"padrao\">&nbsp;<\/span><\/p>\n<p><span class=\"padrao\">Segundo o Portal Imprensa, a fala de Fl&aacute;via que aconteceu em evento da Associa&ccedil;&atilde;o Brasileira de Anunciantes (ABA), era que o canal por assinatura TV R&aacute; Tim Bum veicularia publicidade ainda em 2010, e a TV aberta a partir de 2011.<\/span><\/p>\n<p>&nbsp;<\/p>\n<p><span class=\"padrao\">A assessoria da TV Cultura confirmou que a veicula&ccedil;&atilde;o de publicidade durante a programa&ccedil;&atilde;o infantil s&oacute; est&aacute; autorizada na TV paga, conforme disseram por e-mail: &ldquo;a dire&ccedil;&atilde;o da TV Cultura esclarece que veicula&ccedil;&atilde;o de publicidade durante a programa&ccedil;&atilde;o infantil s&oacute; est&aacute; autorizada no sistema a cabo, na TV R&aacute; Tim Bum. N&atilde;o h&aacute; nada para o sinal aberto da TV Cultura. A escolha da TV a cabo foi uma decis&atilde;o estrat&eacute;gica da emissora pelo fato de ser mais segmentada. E toda esta opera&ccedil;&atilde;o ser&aacute; alvo de avalia&ccedil;&atilde;o detalhada. Para a televis&atilde;o aberta, TV Cultura, n&atilde;o h&aacute; nenhum estudo neste sentido&rdquo;.<\/span><\/p>\n<p>&nbsp;<\/p>\n<p><span class=\"padrao\">A fala de Fl&aacute;via, veiculada pelo Portal, ainda cita an&aacute;lises que demonstrariam que a crian&ccedil;a pode se proteger de propagandas: &quot;Na TV Cultura esse processo dever&aacute; ter in&iacute;cio no ano que vem. Ap&oacute;s perceber os movimentos e an&aacute;lises da sociedade que revelam que a crian&ccedil;a tem, sim, percep&ccedil;&atilde;o cr&iacute;tica, resolvemos rever nossa determina&ccedil;&atilde;o&quot;.<\/span><\/p>\n<p>&nbsp;<\/p>\n<p><span class=\"padrao\">O Instituto Alana, que existe para defender o fim da publicidade dirigida a crian&ccedil;as, ainda n&atilde;o se pronunciou por n&atilde;o se tratar de uma afirma&ccedil;&atilde;o oficial. A advogada e coordenadora-geral do Projeto Crian&ccedil;a e Consumo do instituto, Isabella Henriques, afirmou n&atilde;o conhecer movimenta&ccedil;&otilde;es e an&aacute;lises na sociedade que comprovam a &ldquo;maioridade ps&iacute;quica&rdquo; da crian&ccedil;a, mas sim o contr&aacute;rio: pesquisas do mundo inteiro de especialistas que estudam inf&acirc;ncia, pedagogia, sociologia, todos unanimente afirmam que a crian&ccedil;a se desenvolve em est&aacute;gios. &ldquo;Assim como ela passa por fases de desenvolvimento f&iacute;sico, como a forma&ccedil;&atilde;o do est&ocirc;mago &#8211; no come&ccedil;o come papinha, depois s&oacute;lido, at&eacute; crescer e poder comer um prato de feijoada -, ela tamb&eacute;m passa por desenvolvimento ps&iacute;quico&rdquo;.<\/span><\/p>\n<p>&nbsp;<\/p>\n<p><span class=\"padrao\">Isabella, que tamb&eacute;m &eacute; autora do livro &rdquo;Publicidade abusiva dirigida &agrave; crian&ccedil;a&rdquo;, conta que at&eacute; por volta dos seis anos a crian&ccedil;a n&atilde;o faz distin&ccedil;&atilde;o entre publicidade e entretenimento, intervalo e programa&ccedil;&atilde;o, n&atilde;o tendo condi&ccedil;&otilde;es de fazer an&aacute;lise cr&iacute;tica e entender o car&aacute;ter da mensagem. O desenvolvimento ps&iacute;quico para entender toda a complexidade de uma publicidade como faz um adulto seria por volta dos doze anos.<\/span><\/p>\n<p>&nbsp;<\/p>\n<p><span class=\"padrao\">Se a afirma&ccedil;&atilde;o de Fl&aacute;via e da assessoria estiverem corretas, ainda esse ano a publicidade para crian&ccedil;as voltar&aacute; &agrave; grade da paga TV R&aacute; Tim Bum. Isabella afirma que &eacute; t&atilde;o grave quanto passar na TV aberta, mesmo tendo um alcance menor. &ldquo;As quest&otilde;es s&atilde;o as mesmas na TV fechada com o agravante dela ser paga e j&aacute; ter verba para poder se manter&rdquo;. Ela tamb&eacute;m acha que pelo fato do p&uacute;blico ser segmentado, e o canal ser inteiro infantil, faz os pais, ao comprarem o pacote, confiar que aquele produto respeita as especificidades da crian&ccedil;a, ainda mais em canais da Cultura, que &eacute; reconhecida por ter uma programa&ccedil;&atilde;o infantil de qualidade.<\/span><\/p>\n<p>&nbsp;<\/p>\n<p><span class=\"padrao\">TVs p&uacute;blicas recebem verba dos governos aos quais s&atilde;o vinculadas para n&atilde;o terem que depender totalmente de anunciantes. E no caso da publicidade infantil h&aacute; o agravante de expor mentes inocentes a mensagens feitas para convenc&ecirc;-las a todo custo de que ser&atilde;o melhores se consumirem, uma quest&atilde;o delicada que uma TV cujo objetivo &eacute; o enriquecimento cultural da popula&ccedil;&atilde;o, e n&atilde;o o lucro, deveria atentar.<\/span><\/p>\n<p>&nbsp;<\/p>\n<p><span class=\"padrao\">Apesar de ter uma posi&ccedil;&atilde;o clara a respeito de publicidade infantil nessa emissora, o Alana n&atilde;o se manifestar&aacute; at&eacute; a confirma&ccedil;&atilde;o oficial da TV. &ldquo;N&atilde;o entendo o contexto que a frase foi falada. Sem a gente saber de fato as fundamenta&ccedil;&otilde;es que a TV Cultura teria se valido pra tomar essa decis&atilde;o, n&atilde;o d&aacute; para fazer qualquer cr&iacute;tica&rdquo;, e ressaltou que devem ficar atentos para o que vai acontecer. Est&aacute; marcado para semana que vem um encontro entre o Instituto e a TV Cultura sobre esse tema. <\/span><\/p>\n<p>&nbsp;<\/p>\n<p>&nbsp;<\/p>\n","protected":false},"excerpt":{"rendered":"<p>TV R&aacute; Tim Bum voltar&aacute; a ter publicidade dirigida &agrave; crian&ccedil;as, o que n&atilde;o ocorria desde 2008. Decis&atilde;o ainda n&atilde;o atinge TV Cultura<\/p>\n","protected":false},"author":1,"featured_media":0,"comment_status":"open","ping_status":"open","sticky":false,"template":"","format":"standard","meta":{"footnotes":""},"categories":[40],"tags":[815],"_links":{"self":[{"href":"https:\/\/obscom.intervozes.org.br\/index.php?rest_route=\/wp\/v2\/posts\/25077"}],"collection":[{"href":"https:\/\/obscom.intervozes.org.br\/index.php?rest_route=\/wp\/v2\/posts"}],"about":[{"href":"https:\/\/obscom.intervozes.org.br\/index.php?rest_route=\/wp\/v2\/types\/post"}],"author":[{"embeddable":true,"href":"https:\/\/obscom.intervozes.org.br\/index.php?rest_route=\/wp\/v2\/users\/1"}],"replies":[{"embeddable":true,"href":"https:\/\/obscom.intervozes.org.br\/index.php?rest_route=%2Fwp%2Fv2%2Fcomments&post=25077"}],"version-history":[{"count":0,"href":"https:\/\/obscom.intervozes.org.br\/index.php?rest_route=\/wp\/v2\/posts\/25077\/revisions"}],"wp:attachment":[{"href":"https:\/\/obscom.intervozes.org.br\/index.php?rest_route=%2Fwp%2Fv2%2Fmedia&parent=25077"}],"wp:term":[{"taxonomy":"category","embeddable":true,"href":"https:\/\/obscom.intervozes.org.br\/index.php?rest_route=%2Fwp%2Fv2%2Fcategories&post=25077"},{"taxonomy":"post_tag","embeddable":true,"href":"https:\/\/obscom.intervozes.org.br\/index.php?rest_route=%2Fwp%2Fv2%2Ftags&post=25077"}],"curies":[{"name":"wp","href":"https:\/\/api.w.org\/{rel}","templated":true}]}}