{"id":25075,"date":"2010-11-08T16:05:07","date_gmt":"2010-11-08T16:05:07","guid":{"rendered":"https:\/\/obscom.intervozes.org.br\/wordpress\/?p=25075"},"modified":"2010-11-08T16:05:07","modified_gmt":"2010-11-08T16:05:07","slug":"martins-propoe-debate-aberto-sobre-regulacao-de-midias","status":"publish","type":"post","link":"https:\/\/obscom.intervozes.org.br\/?p=25075","title":{"rendered":"Martins prop\u00f5e debate aberto sobre regula\u00e7\u00e3o de m\u00eddias"},"content":{"rendered":"<p><span class=\"padrao\">O debate sobre a revis&atilde;o do marco regulat&oacute;rio da comunica&ccedil;&atilde;o eletr&ocirc;nica deve acontecer sem ideologia, porque n&atilde;o resolver&aacute; as quest&otilde;es que precisam ser enfrentadas agora, defende o ministro Franklin Martins, da Secretaria de Comunica&ccedil;&atilde;o Social da Presid&ecirc;ncia da Rep&uacute;blica. Ele acredita que um debate p&uacute;blico e transparente encontrar&aacute; solu&ccedil;&otilde;es para que esse setor se adapte ao novo cen&aacute;rio de converg&ecirc;ncia, que imp&otilde;e desafios e possibilidades e que avan&ccedil;ar&aacute; de um jeito ou de outro. &ldquo;Ou olha para frente ou a jamanta das telecomunica&ccedil;&otilde;es atropela a radiodifus&atilde;o&rdquo;, disse, lembrando que as empresas de radiodifus&atilde;o faturaram R$ 13 bilh&otilde;es no ano passado, enquanto as de telecomunica&ccedil;&otilde;es obtiveram receita de R$ 180 bilh&otilde;es no mesmo per&iacute;odo.<\/span><\/p>\n<p>&nbsp;<\/p>\n<p><span class=\"padrao\">Martins convocou entrevista nesta segunda-feira (8) para falar sobre o Semin&aacute;rio Internacional das Comunica&ccedil;&otilde;es Eletr&ocirc;nicas e Converg&ecirc;ncias de M&iacute;dias, que acontece em Bras&iacute;lia nesta ter&ccedil;a e quarta-feira, com a participa&ccedil;&atilde;o de dirigentes das ag&ecirc;ncias de regula&ccedil;&atilde;o do setor de diversos pa&iacute;ses, al&eacute;m de representantes da Unesco e OCDE e Uni&atilde;o Europ&eacute;ia, para apresentar as experi&ecirc;ncias adotadas peles seus pa&iacute;ses. &ldquo;O objetivo &eacute; qualificar o debate porque, para al&eacute;m do preconceito, todo mundo sabe que &eacute; necess&aacute;rio fazer regula&ccedil;&atilde;o do ambiente de converg&ecirc;ncia de m&iacute;dias porque nossa legisla&ccedil;&atilde;o &eacute; ultrapassada, o c&oacute;digo de telecomunica&ccedil;&otilde;es &eacute; de 1962, quando n&atilde;o havia televis&atilde;o em cores ou comunica&ccedil;&atilde;o via sat&eacute;lite. De l&aacute; pra c&aacute; mudou radicalmente tudo&rdquo;, disse.<\/span><\/p>\n<p>&nbsp;<\/p>\n<p><span class=\"padrao\">Anteprojeto<\/span><\/p>\n<p>&nbsp;<\/p>\n<p><span class=\"padrao\">Segundo o ministro, a converg&ecirc;ncia de m&iacute;dia vem dissolvendo paulatinamente e de forma acelerada a id&eacute;ia de fronteiras em telecomunica&ccedil;&otilde;es e radiodifus&atilde;o na quest&atilde;o de oferta de conte&uacute;do. &ldquo;Para resolver essa quest&atilde;o, acreditamos que ser&aacute; necess&aacute;ria uma pactua&ccedil;&atilde;o na sociedade, que dever&aacute; ser precedido de um debate p&uacute;blico e transparente. S&oacute; assim poderemos transformar os desafios e as possibilidades em crescimento&rdquo;, acentua.<\/span><\/p>\n<p>&nbsp;<\/p>\n<p><span class=\"padrao\">Martins disse que o governo deve concluir at&eacute; meados de dezembro um anteprojeto que trata do ambiente de converg&ecirc;ncia de m&iacute;dias. &ldquo;Ser&aacute; uma proposta de regula&ccedil;&atilde;o flex&iacute;vel porque a velocidade das transforma&ccedil;&otilde;es tecnol&oacute;gica nessa &aacute;rea aconselha que se seja pouco r&iacute;gido e pouco detalhista na lei, porque as tecnologias e ambientes de neg&oacute;cios v&atilde;o mudando. O essencial &eacute; que traga os princ&iacute;pios gerais, liberdade de informa&ccedil;&atilde;o, neutralidade, est&iacute;mulo &agrave; competi&ccedil;&atilde;o e &agrave; inova&ccedil;&atilde;o, prote&ccedil;&atilde;o &agrave; cultura nacional, regional&rdquo;, adiantou.<\/span><\/p>\n<p>&nbsp;<\/p>\n<p><span class=\"padrao\">O ministro disse que ainda h&aacute; d&uacute;vidas sobre que caminho seguir, se o dos Estados Unidos e Reino Unido, que optaram por criar duas ag&ecirc;ncias reguladoras para o setor, uma para normatizar os aspectos t&eacute;cnicos dos meios eletr&ocirc;nicos, e outra voltada para conte&uacute;do, que fixa regras de defesa do conte&uacute;do nacional, de produ&ccedil;&atilde;o regional, de produ&ccedil;&atilde;o independente, princ&iacute;pios gerais de prote&ccedil;&atilde;o &agrave; privacidade. &ldquo;Mas que n&atilde;o inclui nada sobre censura&rdquo;, ressaltou.<\/span><\/p>\n<p>&nbsp;<\/p>\n<p><span class=\"padrao\">Outro ponto que entrar&aacute; no anteprojeto &eacute; a regulamenta&ccedil;&atilde;o dos artigos da Constitui&ccedil;&atilde;o que tratam de produ&ccedil;&atilde;o nacional, regional e independente (220, 221 e 222). Por&eacute;m, a participa&ccedil;&atilde;o de capital estrangeiro nas empresas do setor somente entrar&aacute; na proposta se o debate p&uacute;blico decidir por isso. &ldquo;J&aacute; existe uma lei que regulamenta isso&rdquo;, disse Martins.<\/span><\/p>\n<p>&nbsp;<\/p>\n<p><span class=\"padrao\">O ministro disse que o anteprojeto ser&aacute; entregue &agrave; presidente eleita, Dilma Rousseff, que definir&aacute; se dar&aacute; prosseguimento ou n&atilde;o. Mas acredita que, da mesma forma que no primeiro governo Lula foi fundamental estabelecer um novo marco regulat&oacute;rio e refundar o Estado na quest&atilde;o da energia para se impedir novos apag&otilde;es, nesse mandato que ser&aacute; iniciado em janeiro, as comunica&ccedil;&otilde;es ter&atilde;o um destaque semelhante. &ldquo;&Eacute; necess&aacute;rio que tenha um novo marco regulat&oacute;rio que d&ecirc; seguran&ccedil;a aos investidores, possibilidade de competi&ccedil;&atilde;o, que permita a inova&ccedil;&atilde;o, que garanta os direitos dos cidad&atilde;os e que promova uma grande oferta de informa&ccedil;&otilde;es e conhecimentos, ingredientes vitais para o exerc&iacute;cio da cidadania&rdquo;, concluiu.<\/span><\/p>\n","protected":false},"excerpt":{"rendered":"<p>O debate sobre a revis&atilde;o do marco regulat&oacute;rio da comunica&ccedil;&atilde;o eletr&ocirc;nica deve acontecer sem ideologia, porque n&atilde;o resolver&aacute; as quest&otilde;es que precisam ser enfrentadas agora, defende o ministro Franklin Martins, da Secretaria de Comunica&ccedil;&atilde;o Social da Presid&ecirc;ncia da Rep&uacute;blica. Ele acredita que um debate p&uacute;blico e transparente encontrar&aacute; solu&ccedil;&otilde;es para que esse setor se adapte &hellip; <a href=\"https:\/\/obscom.intervozes.org.br\/?p=25075\" class=\"more-link\">Continue lendo <span class=\"screen-reader-text\">Martins prop\u00f5e debate aberto sobre regula\u00e7\u00e3o de m\u00eddias<\/span> <span class=\"meta-nav\">&rarr;<\/span><\/a><\/p>\n","protected":false},"author":1,"featured_media":0,"comment_status":"open","ping_status":"open","sticky":false,"template":"","format":"standard","meta":{"footnotes":""},"categories":[40],"tags":[307],"_links":{"self":[{"href":"https:\/\/obscom.intervozes.org.br\/index.php?rest_route=\/wp\/v2\/posts\/25075"}],"collection":[{"href":"https:\/\/obscom.intervozes.org.br\/index.php?rest_route=\/wp\/v2\/posts"}],"about":[{"href":"https:\/\/obscom.intervozes.org.br\/index.php?rest_route=\/wp\/v2\/types\/post"}],"author":[{"embeddable":true,"href":"https:\/\/obscom.intervozes.org.br\/index.php?rest_route=\/wp\/v2\/users\/1"}],"replies":[{"embeddable":true,"href":"https:\/\/obscom.intervozes.org.br\/index.php?rest_route=%2Fwp%2Fv2%2Fcomments&post=25075"}],"version-history":[{"count":0,"href":"https:\/\/obscom.intervozes.org.br\/index.php?rest_route=\/wp\/v2\/posts\/25075\/revisions"}],"wp:attachment":[{"href":"https:\/\/obscom.intervozes.org.br\/index.php?rest_route=%2Fwp%2Fv2%2Fmedia&parent=25075"}],"wp:term":[{"taxonomy":"category","embeddable":true,"href":"https:\/\/obscom.intervozes.org.br\/index.php?rest_route=%2Fwp%2Fv2%2Fcategories&post=25075"},{"taxonomy":"post_tag","embeddable":true,"href":"https:\/\/obscom.intervozes.org.br\/index.php?rest_route=%2Fwp%2Fv2%2Ftags&post=25075"}],"curies":[{"name":"wp","href":"https:\/\/api.w.org\/{rel}","templated":true}]}}