{"id":25074,"date":"2010-11-08T15:21:34","date_gmt":"2010-11-08T15:21:34","guid":{"rendered":"https:\/\/obscom.intervozes.org.br\/wordpress\/?p=25074"},"modified":"2010-11-08T15:21:34","modified_gmt":"2010-11-08T15:21:34","slug":"radios-comunitarias-tratam-de-comunicacao-como-direito-humano","status":"publish","type":"post","link":"https:\/\/obscom.intervozes.org.br\/?p=25074","title":{"rendered":"R\u00e1dios comunit\u00e1rias tratam de comunica\u00e7\u00e3o como direito humano"},"content":{"rendered":"<p class=\"padrao\"><strong>Ag&ecirc;ncia Pulsar<\/strong><\/p>\n<p class=\"padrao\">&nbsp;<\/p>\n<p class=\"padrao\">A AMARC 10 come&ccedil;a hoje (08\/11) e recebe representantes dos cinco continentes. A maioria dos mais de 500 participantes chegou ontem a cidade de La Plata, na Argentina. Entre os principais temas em debate est&aacute; a comunica&ccedil;&atilde;o para construir um mundo melhor, o direito humano &agrave; comunica&ccedil;&atilde;o e o papel das r&aacute;dios para garantir direitos fundamentais.<\/p>\n<p class=\"padrao\">&nbsp;<\/p>\n<p class=\"padrao\">Tamb&eacute;m s&atilde;o constantes as reuni&otilde;es que tratam do empoderamento das mulheres. As radialistas v&atilde;o conversar sobre como &eacute; a participa&ccedil;ao feminina nas&nbsp; r&aacute;dios e de que maneira as emissoras podem garantir a igualdade entre mulheres e homens.<\/p>\n<p class=\"padrao\">&nbsp;<\/p>\n<p class=\"padrao\">A programa&ccedil;&atilde;o est&aacute; espalhada pelo edificio Pasaje Dardo Rocha e inclui conferencias, debates e oficinas. Tamb&eacute;m h&aacute; sessoes de cinema e espa&ccedil;o para trocas culturais. V&atilde;o haver transmiss&otilde;es ao vivo e via Internet. Esta &eacute; a primeira vez que se realiza um encontro mundial da AMARC na Am&eacute;rica do Sul. <\/p>\n","protected":false},"excerpt":{"rendered":"<p>Ag&ecirc;ncia Pulsar &nbsp; A AMARC 10 come&ccedil;a hoje (08\/11) e recebe representantes dos cinco continentes. A maioria dos mais de 500 participantes chegou ontem a cidade de La Plata, na Argentina. Entre os principais temas em debate est&aacute; a comunica&ccedil;&atilde;o para construir um mundo melhor, o direito humano &agrave; comunica&ccedil;&atilde;o e o papel das r&aacute;dios &hellip; <a href=\"https:\/\/obscom.intervozes.org.br\/?p=25074\" class=\"more-link\">Continue lendo <span class=\"screen-reader-text\">R\u00e1dios comunit\u00e1rias tratam de comunica\u00e7\u00e3o como direito humano<\/span> <span class=\"meta-nav\">&rarr;<\/span><\/a><\/p>\n","protected":false},"author":1,"featured_media":0,"comment_status":"open","ping_status":"open","sticky":false,"template":"","format":"standard","meta":{"footnotes":""},"categories":[39],"tags":[],"_links":{"self":[{"href":"https:\/\/obscom.intervozes.org.br\/index.php?rest_route=\/wp\/v2\/posts\/25074"}],"collection":[{"href":"https:\/\/obscom.intervozes.org.br\/index.php?rest_route=\/wp\/v2\/posts"}],"about":[{"href":"https:\/\/obscom.intervozes.org.br\/index.php?rest_route=\/wp\/v2\/types\/post"}],"author":[{"embeddable":true,"href":"https:\/\/obscom.intervozes.org.br\/index.php?rest_route=\/wp\/v2\/users\/1"}],"replies":[{"embeddable":true,"href":"https:\/\/obscom.intervozes.org.br\/index.php?rest_route=%2Fwp%2Fv2%2Fcomments&post=25074"}],"version-history":[{"count":0,"href":"https:\/\/obscom.intervozes.org.br\/index.php?rest_route=\/wp\/v2\/posts\/25074\/revisions"}],"wp:attachment":[{"href":"https:\/\/obscom.intervozes.org.br\/index.php?rest_route=%2Fwp%2Fv2%2Fmedia&parent=25074"}],"wp:term":[{"taxonomy":"category","embeddable":true,"href":"https:\/\/obscom.intervozes.org.br\/index.php?rest_route=%2Fwp%2Fv2%2Fcategories&post=25074"},{"taxonomy":"post_tag","embeddable":true,"href":"https:\/\/obscom.intervozes.org.br\/index.php?rest_route=%2Fwp%2Fv2%2Ftags&post=25074"}],"curies":[{"name":"wp","href":"https:\/\/api.w.org\/{rel}","templated":true}]}}