{"id":25069,"date":"2010-11-05T10:26:32","date_gmt":"2010-11-05T10:26:32","guid":{"rendered":"https:\/\/obscom.intervozes.org.br\/wordpress\/?p=25069"},"modified":"2010-11-05T10:26:32","modified_gmt":"2010-11-05T10:26:32","slug":"reconducao-de-ronaldo-sardenberg-e-publicada-no-diario-oficial","status":"publish","type":"post","link":"https:\/\/obscom.intervozes.org.br\/?p=25069","title":{"rendered":"Recondu\u00e7\u00e3o de Ronaldo Sardenberg \u00e9 publicada no Di\u00e1rio Oficial"},"content":{"rendered":"\n<p style=\"margin-bottom: 0cm\" class=\"padrao\"><strong>Reproduzido do Tela Viva&nbsp; <\/strong><\/p>\n<p style=\"margin-bottom: 0cm\" class=\"padrao\">&nbsp;<\/p>\n<p style=\"margin-bottom: 0cm\" class=\"padrao\">Foi publicado na edi&ccedil;&atilde;o desta quinta-feira, 4, do Di&aacute;rio Oficial da Uni&atilde;o decreto presidencial prorrogando por um ano o mandato do embaixador Ronaldo Sardenberg como presidente da Anatel. O mandato de conselheiro de Sardenberg vence apenas em 5 de novembro de 2011, mas sua presen&ccedil;a como presidente estava limitada a 5 de novembro deste ano. Com a recondu&ccedil;&atilde;o do embaixador &agrave; presid&ecirc;ncia da ag&ecirc;ncia reguladora, os dois prazos passam a coincidir. <\/p>\n<p>O presidente Luiz In&aacute;cio Lula da Silva decidiu n&atilde;o dar novo mandato ao conselheiro Ant&ocirc;nio Bedran. Com isso, Bedran participa nesta quinta, 4, de sua &uacute;ltima reuni&atilde;o do Conselho Diretor e a partir de amanh&atilde; entrar&aacute; em quarentena, ficando impedido representar interesses de pessoas ou empresas perante &agrave; ag&ecirc;ncia por um ano. O nome do substituto de Bedran ainda n&atilde;o foi escolhido. A tarefa ficar&aacute; para a presidente eleita Dilma Rousseff, ou seja, apenas no pr&oacute;ximo ano deve ser conhecido o novo quinto conselheiro da Anatel.<em> (Mariana Mazza)<\/em><\/p>\n","protected":false},"excerpt":{"rendered":"<p>Reproduzido do Tela Viva&nbsp; &nbsp; Foi publicado na edi&ccedil;&atilde;o desta quinta-feira, 4, do Di&aacute;rio Oficial da Uni&atilde;o decreto presidencial prorrogando por um ano o mandato do embaixador Ronaldo Sardenberg como presidente da Anatel. O mandato de conselheiro de Sardenberg vence apenas em 5 de novembro de 2011, mas sua presen&ccedil;a como presidente estava limitada a &hellip; <a href=\"https:\/\/obscom.intervozes.org.br\/?p=25069\" class=\"more-link\">Continue lendo <span class=\"screen-reader-text\">Recondu\u00e7\u00e3o de Ronaldo Sardenberg \u00e9 publicada no Di\u00e1rio Oficial<\/span> <span class=\"meta-nav\">&rarr;<\/span><\/a><\/p>\n","protected":false},"author":1,"featured_media":0,"comment_status":"open","ping_status":"open","sticky":false,"template":"","format":"standard","meta":{"footnotes":""},"categories":[39],"tags":[],"_links":{"self":[{"href":"https:\/\/obscom.intervozes.org.br\/index.php?rest_route=\/wp\/v2\/posts\/25069"}],"collection":[{"href":"https:\/\/obscom.intervozes.org.br\/index.php?rest_route=\/wp\/v2\/posts"}],"about":[{"href":"https:\/\/obscom.intervozes.org.br\/index.php?rest_route=\/wp\/v2\/types\/post"}],"author":[{"embeddable":true,"href":"https:\/\/obscom.intervozes.org.br\/index.php?rest_route=\/wp\/v2\/users\/1"}],"replies":[{"embeddable":true,"href":"https:\/\/obscom.intervozes.org.br\/index.php?rest_route=%2Fwp%2Fv2%2Fcomments&post=25069"}],"version-history":[{"count":0,"href":"https:\/\/obscom.intervozes.org.br\/index.php?rest_route=\/wp\/v2\/posts\/25069\/revisions"}],"wp:attachment":[{"href":"https:\/\/obscom.intervozes.org.br\/index.php?rest_route=%2Fwp%2Fv2%2Fmedia&parent=25069"}],"wp:term":[{"taxonomy":"category","embeddable":true,"href":"https:\/\/obscom.intervozes.org.br\/index.php?rest_route=%2Fwp%2Fv2%2Fcategories&post=25069"},{"taxonomy":"post_tag","embeddable":true,"href":"https:\/\/obscom.intervozes.org.br\/index.php?rest_route=%2Fwp%2Fv2%2Ftags&post=25069"}],"curies":[{"name":"wp","href":"https:\/\/api.w.org\/{rel}","templated":true}]}}