{"id":25061,"date":"2010-11-03T10:10:42","date_gmt":"2010-11-03T10:10:42","guid":{"rendered":"https:\/\/obscom.intervozes.org.br\/wordpress\/?p=25061"},"modified":"2010-11-03T10:10:42","modified_gmt":"2010-11-03T10:10:42","slug":"fust-podera-custear-instalacao-de-cinemas-teatros-e-bibliotecas","status":"publish","type":"post","link":"https:\/\/obscom.intervozes.org.br\/?p=25061","title":{"rendered":"Fust poder\u00e1 custear instala\u00e7\u00e3o de cinemas, teatros e bibliotecas"},"content":{"rendered":"<p><span class=\"padrao\">A C&acirc;mara analisa o Projeto de Lei 6993\/10, do deputado Ant&ocirc;nio Roberto (PV-MG), que destina pelo menos 3% dos recursos do Fundo de Universaliza&ccedil;&atilde;o dos Servi&ccedil;os de Telecomunica&ccedil;&otilde;es (FustO Fundo de Universaliza&ccedil;&atilde;o dos Servi&ccedil;os de Telecomunica&ccedil;&otilde;es foi institu&iacute;do pela Lei 9.998\/00 com o objetivo de proporcionar recursos para cobrir a parcela de custo relativa ao cumprimento das obriga&ccedil;&otilde;es de universaliza&ccedil;&atilde;o de servi&ccedil;os de telecomunica&ccedil;&otilde;es que n&atilde;o possa ser recuperada com a explora&ccedil;&atilde;o do servi&ccedil;o.<\/span><\/p>\n<p>&nbsp;<\/p>\n<p><span class=\"padrao\">Cabe ao Minist&eacute;rio das Comunica&ccedil;&otilde;es formular as pol&iacute;ticas, as diretrizes gerais e as prioridades que orientar&atilde;o as aplica&ccedil;&otilde;es do Fust e definir os programas, projetos e atividades financiados com recursos do fundo.) para subvencionar a instala&ccedil;&atilde;o e a manuten&ccedil;&atilde;o, por institui&ccedil;&otilde;es sem fins lucrativos, de espa&ccedil;os de difus&atilde;o da cultura nacional, como cinemas, teatros e bibliotecas, em munic&iacute;pios que n&atilde;o contam com estabelecimentos desse tipo.<\/span><\/p>\n<p>&nbsp;<\/p>\n<p><span class=\"padrao\">&ldquo;Grande parte da nossa popula&ccedil;&atilde;o vive em pequenos n&uacute;cleos urbanos, sem acesso a eventos culturais, inteiramente dependente da programa&ccedil;&atilde;o de televis&atilde;o&rdquo;, argumentas o deputado. Ele assinala que &ldquo;significativa parcela da sociedade brasileira&rdquo; n&atilde;o tem contato com manifesta&ccedil;&otilde;es culturais que lhe dariam alguma capacidade cr&iacute;tica em rela&ccedil;&atilde;o aos acontecimentos pol&iacute;ticos, sociais, econ&ocirc;micos e culturais, permanecendo &agrave; margem da hist&oacute;ria, relegada ao papel de simples agente passivo&rdquo;.<\/span><\/p>\n<p>&nbsp;<\/p>\n<p><span class=\"padrao\">Ant&ocirc;nio Roberto sustenta que o projeto vai contribuir para mudar essa realidade, ao criar op&ccedil;&otilde;es de entretenimento e lazer e fazer com que o habitante de pequenos munic&iacute;pios tenha acesso a material de leitura e a eventos culturais de boa qualidade.<\/span><\/p>\n<p>&nbsp;<\/p>\n<p><strong><span class=\"padrao\">Tramita&ccedil;&atilde;o<\/span><\/strong><\/p>\n<p>&nbsp;<\/p>\n<p><span class=\"padrao\">O projeto foi apensado ao PL 1481\/07, do Senado, que amplia o acesso a redes digitais de informa&ccedil;&atilde;o em estabelecimentos de ensino. As propostas aguardam vota&ccedil;&atilde;o pelo Plen&aacute;rio.<\/span><\/p>\n","protected":false},"excerpt":{"rendered":"<p>A C&acirc;mara analisa o Projeto de Lei 6993\/10, do deputado Ant&ocirc;nio Roberto (PV-MG), que destina pelo menos 3% dos recursos do Fundo de Universaliza&ccedil;&atilde;o dos Servi&ccedil;os de Telecomunica&ccedil;&otilde;es (FustO Fundo de Universaliza&ccedil;&atilde;o dos Servi&ccedil;os de Telecomunica&ccedil;&otilde;es foi institu&iacute;do pela Lei 9.998\/00 com o objetivo de proporcionar recursos para cobrir a parcela de custo relativa ao &hellip; <a href=\"https:\/\/obscom.intervozes.org.br\/?p=25061\" class=\"more-link\">Continue lendo <span class=\"screen-reader-text\">Fust poder\u00e1 custear instala\u00e7\u00e3o de cinemas, teatros e bibliotecas<\/span> <span class=\"meta-nav\">&rarr;<\/span><\/a><\/p>\n","protected":false},"author":1,"featured_media":0,"comment_status":"open","ping_status":"open","sticky":false,"template":"","format":"standard","meta":{"footnotes":""},"categories":[40],"tags":[159],"_links":{"self":[{"href":"https:\/\/obscom.intervozes.org.br\/index.php?rest_route=\/wp\/v2\/posts\/25061"}],"collection":[{"href":"https:\/\/obscom.intervozes.org.br\/index.php?rest_route=\/wp\/v2\/posts"}],"about":[{"href":"https:\/\/obscom.intervozes.org.br\/index.php?rest_route=\/wp\/v2\/types\/post"}],"author":[{"embeddable":true,"href":"https:\/\/obscom.intervozes.org.br\/index.php?rest_route=\/wp\/v2\/users\/1"}],"replies":[{"embeddable":true,"href":"https:\/\/obscom.intervozes.org.br\/index.php?rest_route=%2Fwp%2Fv2%2Fcomments&post=25061"}],"version-history":[{"count":0,"href":"https:\/\/obscom.intervozes.org.br\/index.php?rest_route=\/wp\/v2\/posts\/25061\/revisions"}],"wp:attachment":[{"href":"https:\/\/obscom.intervozes.org.br\/index.php?rest_route=%2Fwp%2Fv2%2Fmedia&parent=25061"}],"wp:term":[{"taxonomy":"category","embeddable":true,"href":"https:\/\/obscom.intervozes.org.br\/index.php?rest_route=%2Fwp%2Fv2%2Fcategories&post=25061"},{"taxonomy":"post_tag","embeddable":true,"href":"https:\/\/obscom.intervozes.org.br\/index.php?rest_route=%2Fwp%2Fv2%2Ftags&post=25061"}],"curies":[{"name":"wp","href":"https:\/\/api.w.org\/{rel}","templated":true}]}}