{"id":25060,"date":"2010-11-03T10:04:55","date_gmt":"2010-11-03T10:04:55","guid":{"rendered":"https:\/\/obscom.intervozes.org.br\/wordpress\/?p=25060"},"modified":"2010-11-03T10:04:55","modified_gmt":"2010-11-03T10:04:55","slug":"audiencia-publica-discute-criterios-de-reajuste-de-ligacoes-entre-fixos-e-celulares","status":"publish","type":"post","link":"https:\/\/obscom.intervozes.org.br\/?p=25060","title":{"rendered":"Audi\u00eancia p\u00fablica discute crit\u00e9rios de reajuste de liga\u00e7\u00f5es entre fixos e celulares"},"content":{"rendered":"<p><strong><span class=\"padrao\">Reda&ccedil;&atilde;o &#8211; Ag&ecirc;ncia Brasil<\/span><\/strong><\/p>\n<p>&nbsp;<\/p>\n<p><span class=\"padrao\">A Ag&ecirc;ncia Nacional de Telecomunica&ccedil;&otilde;es (Anatel) promove audi&ecirc;ncia p&uacute;blica amanh&atilde; (3) para discutir crit&eacute;rios de reajuste para chamadas entre telefones fixos e celulares. A ideia &eacute; reduzir o valor das chamadas locais ou interurbanas em 10% no ano que vem e em mais 10% em 2012.<\/span><\/p>\n<p>&nbsp;<\/p>\n<p><span class=\"padrao\">O encontro ser&aacute; das 13h &agrave;s 17h no Espa&ccedil;o Cultural Anatel, em Bras&iacute;lia. O novo regulamento proposto pela ag&ecirc;ncia estabelece que o reajuste das tarifas das chamadas entre fixos e m&oacute;veis deve ocorrer no m&aacute;ximo a cada 12 meses, mediante aplica&ccedil;&atilde;o de f&oacute;rmula espec&iacute;fica.<\/span><\/p>\n<p>&nbsp;<\/p>\n<p><span class=\"padrao\">A medida afeta tamb&eacute;m os valores dos demais tipos de chamadas que envolvem o pagamento da tarifa de interconex&atilde;o (VU-M), como liga&ccedil;&otilde;es entre operadoras diferentes. Esse valor continuar&aacute; sendo livremente pactuado entre as empresas. Se as operadoras n&atilde;o chegarem a um consenso sobre a quest&atilde;o, a Anatel fixar&aacute; cautelarmente o valor da tarifa.<\/span><\/p>\n","protected":false},"excerpt":{"rendered":"<p>Reda&ccedil;&atilde;o &#8211; Ag&ecirc;ncia Brasil &nbsp; A Ag&ecirc;ncia Nacional de Telecomunica&ccedil;&otilde;es (Anatel) promove audi&ecirc;ncia p&uacute;blica amanh&atilde; (3) para discutir crit&eacute;rios de reajuste para chamadas entre telefones fixos e celulares. A ideia &eacute; reduzir o valor das chamadas locais ou interurbanas em 10% no ano que vem e em mais 10% em 2012. &nbsp; O encontro ser&aacute; &hellip; <a href=\"https:\/\/obscom.intervozes.org.br\/?p=25060\" class=\"more-link\">Continue lendo <span class=\"screen-reader-text\">Audi\u00eancia p\u00fablica discute crit\u00e9rios de reajuste de liga\u00e7\u00f5es entre fixos e celulares<\/span> <span class=\"meta-nav\">&rarr;<\/span><\/a><\/p>\n","protected":false},"author":1,"featured_media":0,"comment_status":"open","ping_status":"open","sticky":false,"template":"","format":"standard","meta":{"footnotes":""},"categories":[39],"tags":[645],"_links":{"self":[{"href":"https:\/\/obscom.intervozes.org.br\/index.php?rest_route=\/wp\/v2\/posts\/25060"}],"collection":[{"href":"https:\/\/obscom.intervozes.org.br\/index.php?rest_route=\/wp\/v2\/posts"}],"about":[{"href":"https:\/\/obscom.intervozes.org.br\/index.php?rest_route=\/wp\/v2\/types\/post"}],"author":[{"embeddable":true,"href":"https:\/\/obscom.intervozes.org.br\/index.php?rest_route=\/wp\/v2\/users\/1"}],"replies":[{"embeddable":true,"href":"https:\/\/obscom.intervozes.org.br\/index.php?rest_route=%2Fwp%2Fv2%2Fcomments&post=25060"}],"version-history":[{"count":0,"href":"https:\/\/obscom.intervozes.org.br\/index.php?rest_route=\/wp\/v2\/posts\/25060\/revisions"}],"wp:attachment":[{"href":"https:\/\/obscom.intervozes.org.br\/index.php?rest_route=%2Fwp%2Fv2%2Fmedia&parent=25060"}],"wp:term":[{"taxonomy":"category","embeddable":true,"href":"https:\/\/obscom.intervozes.org.br\/index.php?rest_route=%2Fwp%2Fv2%2Fcategories&post=25060"},{"taxonomy":"post_tag","embeddable":true,"href":"https:\/\/obscom.intervozes.org.br\/index.php?rest_route=%2Fwp%2Fv2%2Ftags&post=25060"}],"curies":[{"name":"wp","href":"https:\/\/api.w.org\/{rel}","templated":true}]}}