{"id":25031,"date":"2010-10-25T12:22:08","date_gmt":"2010-10-25T12:22:08","guid":{"rendered":"https:\/\/obscom.intervozes.org.br\/wordpress\/?p=25031"},"modified":"2010-10-25T12:22:08","modified_gmt":"2010-10-25T12:22:08","slug":"arquivada-acao-contra-omissao-do-congresso-sobre-direito-de-resposta","status":"publish","type":"post","link":"https:\/\/obscom.intervozes.org.br\/?p=25031","title":{"rendered":"Arquivada a\u00e7\u00e3o contra omiss\u00e3o do Congresso sobre direito de resposta"},"content":{"rendered":"\n<p style=\"margin-bottom: 0cm\" class=\"padrao\"><strong>Retirado do site do Supremo Tribunal Federal <\/strong><\/p>\n<p style=\"margin-bottom: 0cm\" class=\"padrao\">&nbsp;<\/p>\n<p style=\"margin-bottom: 0cm\" class=\"padrao\">A ministra Ellen Gracie, do Supremo Tribunal Federal, negou seguimento &agrave; A&ccedil;&atilde;o Direta de Inconstitucionalidade por Omiss&atilde;o (ADO 9) ajuizada pela Federa&ccedil;&atilde;o Nacional dos Jornalistas (Fenaj) e pela Federa&ccedil;&atilde;o Interestadual dos Trabalhadores em Empresas de Radiodifus&atilde;o e Televis&atilde;o (Fitert) para questionar a omiss&atilde;o do Congresso Nacional no dever de regulamenta&ccedil;&atilde;o legal do exerc&iacute;cio do&nbsp;direito de resposta. A ADO justificou o pedido com a&nbsp;decis&atilde;o do&nbsp;STF de que a Lei de Imprensa&nbsp;n&atilde;o foi recepcionada pela Constitui&ccedil;&atilde;o de 1988.&nbsp;<\/p>\n<p>As entidades&nbsp;questionavam, tamb&eacute;m,&nbsp;a prote&ccedil;&atilde;o da fam&iacute;lia em rela&ccedil;&atilde;o ao conte&uacute;do produzido e veiculado por r&aacute;dio e televis&atilde;o e a veda&ccedil;&atilde;o de monop&oacute;lio ou oligop&oacute;lio dos meios de comunica&ccedil;&atilde;o.<\/p>\n<p>O fundamento de rejei&ccedil;&atilde;o da ADO foi a ilegitimidade da Fenaj e da Fitert para a propositura desse tipo de a&ccedil;&atilde;o. &ldquo;A a&ccedil;&atilde;o direta de inconstitucionalidade por omiss&atilde;o poder&aacute; ser ajuizada pelos mesmos legitimados &agrave; propositura da a&ccedil;&atilde;o direta de inconstitucionalidade e da a&ccedil;&atilde;o declarat&oacute;ria de constitucionalidade&rdquo;, explicou a relatora. &ldquo;No &acirc;mbito das associa&ccedil;&otilde;es sindicais, apenas est&atilde;o aptas a deflagrar o controle concentrado de constitucionalidade as entidades de terceiro grau, ou seja, as confedera&ccedil;&otilde;es sindicais, excluindo-se, portanto, os sindicatos e as federa&ccedil;&otilde;es, ainda que possuam abrang&ecirc;ncia nacional&rdquo;.<\/p>\n","protected":false},"excerpt":{"rendered":"<p>Retirado do site do Supremo Tribunal Federal &nbsp; A ministra Ellen Gracie, do Supremo Tribunal Federal, negou seguimento &agrave; A&ccedil;&atilde;o Direta de Inconstitucionalidade por Omiss&atilde;o (ADO 9) ajuizada pela Federa&ccedil;&atilde;o Nacional dos Jornalistas (Fenaj) e pela Federa&ccedil;&atilde;o Interestadual dos Trabalhadores em Empresas de Radiodifus&atilde;o e Televis&atilde;o (Fitert) para questionar a omiss&atilde;o do Congresso Nacional no &hellip; <a href=\"https:\/\/obscom.intervozes.org.br\/?p=25031\" class=\"more-link\">Continue lendo <span class=\"screen-reader-text\">Arquivada a\u00e7\u00e3o contra omiss\u00e3o do Congresso sobre direito de resposta<\/span> <span class=\"meta-nav\">&rarr;<\/span><\/a><\/p>\n","protected":false},"author":1,"featured_media":0,"comment_status":"open","ping_status":"open","sticky":false,"template":"","format":"standard","meta":{"footnotes":""},"categories":[39],"tags":[],"_links":{"self":[{"href":"https:\/\/obscom.intervozes.org.br\/index.php?rest_route=\/wp\/v2\/posts\/25031"}],"collection":[{"href":"https:\/\/obscom.intervozes.org.br\/index.php?rest_route=\/wp\/v2\/posts"}],"about":[{"href":"https:\/\/obscom.intervozes.org.br\/index.php?rest_route=\/wp\/v2\/types\/post"}],"author":[{"embeddable":true,"href":"https:\/\/obscom.intervozes.org.br\/index.php?rest_route=\/wp\/v2\/users\/1"}],"replies":[{"embeddable":true,"href":"https:\/\/obscom.intervozes.org.br\/index.php?rest_route=%2Fwp%2Fv2%2Fcomments&post=25031"}],"version-history":[{"count":0,"href":"https:\/\/obscom.intervozes.org.br\/index.php?rest_route=\/wp\/v2\/posts\/25031\/revisions"}],"wp:attachment":[{"href":"https:\/\/obscom.intervozes.org.br\/index.php?rest_route=%2Fwp%2Fv2%2Fmedia&parent=25031"}],"wp:term":[{"taxonomy":"category","embeddable":true,"href":"https:\/\/obscom.intervozes.org.br\/index.php?rest_route=%2Fwp%2Fv2%2Fcategories&post=25031"},{"taxonomy":"post_tag","embeddable":true,"href":"https:\/\/obscom.intervozes.org.br\/index.php?rest_route=%2Fwp%2Fv2%2Ftags&post=25031"}],"curies":[{"name":"wp","href":"https:\/\/api.w.org\/{rel}","templated":true}]}}