{"id":25028,"date":"2010-10-22T16:37:24","date_gmt":"2010-10-22T16:37:24","guid":{"rendered":"https:\/\/obscom.intervozes.org.br\/wordpress\/?p=25028"},"modified":"2010-10-22T16:37:24","modified_gmt":"2010-10-22T16:37:24","slug":"presidente-da-efe-diz-que-agencias-publicas-de-noticias-podem-ser-eficazes-e-competitivas","status":"publish","type":"post","link":"https:\/\/obscom.intervozes.org.br\/?p=25028","title":{"rendered":"Presidente da EFE diz que ag\u00eancias p\u00fablicas de not\u00edcias podem ser eficazes e competitivas"},"content":{"rendered":"<p class=\"padrao\">O presidente da ag&ecirc;ncia espanhola de not&iacute;cias EFE, Alex Grijelmo, disse ontem (21) que n&atilde;o devem existir diferen&ccedil;as no modelo de gest&atilde;o das ag&ecirc;ncias p&uacute;blicas e privadas. Grijelmo participou do 3&ordm; Congresso Mundial de Ag&ecirc;ncias de Not&iacute;cias, que termina hoje (22) na cidade argentina de Bariloche. &quot;H&aacute; um preconceito segundo o qual uma ag&ecirc;ncia p&uacute;blica n&atilde;o deveria trabalhar em busca do seu nicho de mercado, enquanto a privada buscaria a rentabilidade e n&atilde;o teria consci&ecirc;ncia do que seja um servi&ccedil;o p&uacute;blico de informa&ccedil;&otilde;es&quot;, afirmou.<\/p>\n<p class=\"padrao\">&nbsp;<\/p>\n<p class=\"padrao\">O executivo da EFE, tamb&eacute;m presidente do Conselho Mundial de Ag&ecirc;ncias de Not&iacute;cias, acredita que as ag&ecirc;ncias p&uacute;blicas precisam ter a consci&ecirc;ncia de que prestam um servi&ccedil;o &agrave; sociedade e, al&eacute;m disso, podem ser administradas eficazmente na busca da competi&ccedil;&atilde;o de mercado, tanto em pre&ccedil;os quanto em rentabilidade e na produ&ccedil;&atilde;o informativa.<\/p>\n<p class=\"padrao\">&nbsp;<\/p>\n<p class=\"padrao\">Grijelmo enfatizou a necessidade de as ag&ecirc;ncias de not&iacute;cias, p&uacute;blicas e privadas, se unirem em torno de uma luta conjunta para evitar a pirataria de informa&ccedil;&otilde;es a partir das facilidades de acesso oferecida pela internet. &quot;Estamos vivendo uma &eacute;poca em que a qualidade da informa&ccedil;&atilde;o &eacute; depreciada porque a maioria das pessoas considera que n&atilde;o h&aacute; necessidade de pagar para receber informa&ccedil;&atilde;o fidedigna que tem um custo para ser produzida. Hoje, as not&iacute;cias circulam muitas vezes sem que se conhe&ccedil;a a sua fonte, pois a internet permite que as pessoas se tornem, elas mesmas, produtoras de informa&ccedil;&atilde;o que, muitas vezes, n&atilde;o &eacute; confi&aacute;vel&quot;.<\/p>\n<p class=\"padrao\">&nbsp;<\/p>\n<p class=\"padrao\">Quanto ao jornalismo na internet, Alex Grijelmo considera que os profissionais da imprensa n&atilde;o t&ecirc;m como se desviar do desafio representado pela rede em seu trabalho. O jornalista, atualmente, precisa adaptar-se a uma nova atitude que o transforme em profissional mais &aacute;gil e muito mais competente nos diferentes suportes e ferramentas oferecidos na internet para a divulga&ccedil;&atilde;o de not&iacute;cias.<\/p>\n<p class=\"padrao\">&nbsp;<\/p>\n<p class=\"padrao\">Grijelmo considera que o congresso de ag&ecirc;ncias de not&iacute;cias em Bariloche representa uma oportunidade n&atilde;o apenas para a troca de ideias e informa&ccedil;&otilde;es que enriquecem a atividade dos jornalistas, mas tamb&eacute;m para que as pr&oacute;prias ag&ecirc;ncias possam estabelecer rela&ccedil;&otilde;es bilaterais para o fechamento de acordos e neg&oacute;cios.<\/p>\n","protected":false},"excerpt":{"rendered":"<p>O presidente da ag&ecirc;ncia espanhola de not&iacute;cias EFE, Alex Grijelmo, disse ontem (21) que n&atilde;o devem existir diferen&ccedil;as no modelo de gest&atilde;o das ag&ecirc;ncias p&uacute;blicas e privadas. Grijelmo participou do 3&ordm; Congresso Mundial de Ag&ecirc;ncias de Not&iacute;cias, que termina hoje (22) na cidade argentina de Bariloche. &quot;H&aacute; um preconceito segundo o qual uma ag&ecirc;ncia p&uacute;blica &hellip; <a href=\"https:\/\/obscom.intervozes.org.br\/?p=25028\" class=\"more-link\">Continue lendo <span class=\"screen-reader-text\">Presidente da EFE diz que ag\u00eancias p\u00fablicas de not\u00edcias podem ser eficazes e competitivas<\/span> <span class=\"meta-nav\">&rarr;<\/span><\/a><\/p>\n","protected":false},"author":1,"featured_media":0,"comment_status":"open","ping_status":"open","sticky":false,"template":"","format":"standard","meta":{"footnotes":""},"categories":[40],"tags":[703],"_links":{"self":[{"href":"https:\/\/obscom.intervozes.org.br\/index.php?rest_route=\/wp\/v2\/posts\/25028"}],"collection":[{"href":"https:\/\/obscom.intervozes.org.br\/index.php?rest_route=\/wp\/v2\/posts"}],"about":[{"href":"https:\/\/obscom.intervozes.org.br\/index.php?rest_route=\/wp\/v2\/types\/post"}],"author":[{"embeddable":true,"href":"https:\/\/obscom.intervozes.org.br\/index.php?rest_route=\/wp\/v2\/users\/1"}],"replies":[{"embeddable":true,"href":"https:\/\/obscom.intervozes.org.br\/index.php?rest_route=%2Fwp%2Fv2%2Fcomments&post=25028"}],"version-history":[{"count":0,"href":"https:\/\/obscom.intervozes.org.br\/index.php?rest_route=\/wp\/v2\/posts\/25028\/revisions"}],"wp:attachment":[{"href":"https:\/\/obscom.intervozes.org.br\/index.php?rest_route=%2Fwp%2Fv2%2Fmedia&parent=25028"}],"wp:term":[{"taxonomy":"category","embeddable":true,"href":"https:\/\/obscom.intervozes.org.br\/index.php?rest_route=%2Fwp%2Fv2%2Fcategories&post=25028"},{"taxonomy":"post_tag","embeddable":true,"href":"https:\/\/obscom.intervozes.org.br\/index.php?rest_route=%2Fwp%2Fv2%2Ftags&post=25028"}],"curies":[{"name":"wp","href":"https:\/\/api.w.org\/{rel}","templated":true}]}}