{"id":25025,"date":"2010-10-22T15:07:40","date_gmt":"2010-10-22T15:07:40","guid":{"rendered":"https:\/\/obscom.intervozes.org.br\/wordpress\/?p=25025"},"modified":"2010-10-22T15:07:40","modified_gmt":"2010-10-22T15:07:40","slug":"semana-nacional-da-democratizacao-lanca-blog","status":"publish","type":"post","link":"https:\/\/obscom.intervozes.org.br\/?p=25025","title":{"rendered":"Semana Nacional da Democratiza\u00e7\u00e3o lan\u00e7a blog"},"content":{"rendered":"<p>Marcada pelo m&ecirc;s de outubro, a Semana Nacional pela Democratiza&ccedil;&atilde;o da Comunica&ccedil;&atilde;o &eacute; um evento que re&uacute;ne desde 2003 estudantes, sindicatos e movimentos sociais. Organiza tradicionalmente pr&oacute;ximo do dia 17 de outubro, data que simboliza o dia mundial pela democracia na m&iacute;dia, a Semana est&aacute; em sua oitava edi&ccedil;&atilde;o. Como sua organiza&ccedil;&atilde;o se d&aacute; de forma aut&ocirc;noma e descentralizada por diversas entidades de comunica&ccedil;&atilde;o pelo pais, os militantes G&eacute;sio Passos e Jeronimo Calorio criaram o <a href=\"http:\/\/democom2010.wordpress.com\" target=\"_blank\">http:\/\/democom2010.wordpress.com<\/a>, no intuito de compartilhar e armazenar as diversas informa&ccedil;&otilde;es a respeito do evento. Sendo assim, o blog compartilha a programa&ccedil;&atilde;o de v&aacute;rias semanas pelo pa&iacute;s, al&eacute;m de contar com um acervo hist&oacute;rico a respeito de edi&ccedil;&otilde;es passadas.<\/p>\n","protected":false},"excerpt":{"rendered":"<p>Marcada pelo m&ecirc;s de outubro, a Semana Nacional pela Democratiza&ccedil;&atilde;o da Comunica&ccedil;&atilde;o &eacute; um evento que re&uacute;ne desde 2003 estudantes, sindicatos e movimentos sociais. Organiza tradicionalmente pr&oacute;ximo do dia 17 de outubro, data que simboliza o dia mundial pela democracia na m&iacute;dia, a Semana est&aacute; em sua oitava edi&ccedil;&atilde;o. Como sua organiza&ccedil;&atilde;o se d&aacute; de &hellip; <a href=\"https:\/\/obscom.intervozes.org.br\/?p=25025\" class=\"more-link\">Continue lendo <span class=\"screen-reader-text\">Semana Nacional da Democratiza\u00e7\u00e3o lan\u00e7a blog<\/span> <span class=\"meta-nav\">&rarr;<\/span><\/a><\/p>\n","protected":false},"author":1,"featured_media":0,"comment_status":"open","ping_status":"open","sticky":false,"template":"","format":"standard","meta":{"footnotes":""},"categories":[39],"tags":[],"_links":{"self":[{"href":"https:\/\/obscom.intervozes.org.br\/index.php?rest_route=\/wp\/v2\/posts\/25025"}],"collection":[{"href":"https:\/\/obscom.intervozes.org.br\/index.php?rest_route=\/wp\/v2\/posts"}],"about":[{"href":"https:\/\/obscom.intervozes.org.br\/index.php?rest_route=\/wp\/v2\/types\/post"}],"author":[{"embeddable":true,"href":"https:\/\/obscom.intervozes.org.br\/index.php?rest_route=\/wp\/v2\/users\/1"}],"replies":[{"embeddable":true,"href":"https:\/\/obscom.intervozes.org.br\/index.php?rest_route=%2Fwp%2Fv2%2Fcomments&post=25025"}],"version-history":[{"count":0,"href":"https:\/\/obscom.intervozes.org.br\/index.php?rest_route=\/wp\/v2\/posts\/25025\/revisions"}],"wp:attachment":[{"href":"https:\/\/obscom.intervozes.org.br\/index.php?rest_route=%2Fwp%2Fv2%2Fmedia&parent=25025"}],"wp:term":[{"taxonomy":"category","embeddable":true,"href":"https:\/\/obscom.intervozes.org.br\/index.php?rest_route=%2Fwp%2Fv2%2Fcategories&post=25025"},{"taxonomy":"post_tag","embeddable":true,"href":"https:\/\/obscom.intervozes.org.br\/index.php?rest_route=%2Fwp%2Fv2%2Ftags&post=25025"}],"curies":[{"name":"wp","href":"https:\/\/api.w.org\/{rel}","templated":true}]}}