{"id":25018,"date":"2010-10-20T17:34:03","date_gmt":"2010-10-20T17:34:03","guid":{"rendered":"https:\/\/obscom.intervozes.org.br\/wordpress\/?p=25018"},"modified":"2014-09-07T03:01:01","modified_gmt":"2014-09-07T03:01:01","slug":"tse-proibe-distribuicao-de-publicacoes-da-rede-brasil-atual","status":"publish","type":"post","link":"https:\/\/obscom.intervozes.org.br\/?p=25018","title":{"rendered":"TSE pro\u00edbe distribui\u00e7\u00e3o de publica\u00e7\u00f5es da rede Brasil Atual"},"content":{"rendered":"<p><span class=\"padrao\">O Tribunal Superior Eleitoral (TSE) censurou a Revista do Brasil e o Jornal da CUT, ambos publicados pela rede Brasil Atual, em acato ao pedido da candidatura de Jos&eacute; Serra (PSDB) &agrave; presid&ecirc;ncia da Rep&uacute;blica. Com o ato uma revista e um jornal foram retirados de circula&ccedil;&atilde;o nesta ter&ccedil;a-feira, dia 19 de outubro, sob alega&ccedil;&atilde;o de promo&ccedil;&atilde;o a candidatura de Dilma Roussef (PT).<\/span><\/p>\n<p>&nbsp;<\/p>\n<p><span class=\"padrao\">A decis&atilde;o foi balizada na Lei Eleitoral n&ordm; 9.504\/97 que veda aos candidatos receberem direta ou indiretamente publicidade ou doa&ccedil;&otilde;es de entidades de classe ou sindical. O diretor de reda&ccedil;&atilde;o da Rede Brasil Atual, Paulo Salvador, alega que a Editora Gr&aacute;fica Atitude Ltda, respons&aacute;vel em rodar os materiais, &eacute; uma empresa privada como qualquer outra: &quot;Temos afinidades com a Central &Uacute;nica dos Trabalhadores (CUT), temos abordagem voltada para a cidadania, mas n&atilde;o somos vedados em tratar os conflitos da CUT&quot;.<\/span><\/p>\n<p>&nbsp;<\/p>\n<p><span class=\"padrao\">Salvador coloca a responsabilidade da decis&atilde;o no momento eleitoral e explica que a edi&ccedil;&atilde;o de n&ordm; 52 da Revista do Brasil, impedida de circular, &eacute; igual as anteriores. Para ele foi criado mais um &quot;facto&iacute;de&quot; para os jornais que est&atilde;o tratando a campanha pol&iacute;tica como guerra entre as candidaturas ao Pal&aacute;cio do Planalto.<\/span><\/p>\n<p>&nbsp;<\/p>\n<p><span class=\"padrao\">O diretor da reda&ccedil;&atilde;o tamb&eacute;m se diz assustado com a solicita&ccedil;&atilde;o do PSDB de transcorrer a a&ccedil;&atilde;o em segredo de justi&ccedil;a, para que n&atilde;o houvesse conota&ccedil;&atilde;o eleitoral: &quot;(O PSDB) Queria impedir a sociedade de discutir o tema, mas por sorte o Ministro n&atilde;o concedeu este pedido&quot;.<\/span><\/p>\n<p>&nbsp;<\/p>\n<p><span class=\"padrao\">O promotor da 1&ordf; Zona Eleitoral de S&atilde;o Paulo, Maur&iacute;cio Ant&ocirc;nio Ribeiro Lopes, diz que foi consultado sobre o caso e considerou a decis&atilde;o do TSE como atentado a liberdade de imprensa e express&atilde;o: &quot;N&atilde;o achei o caso de considerar como propaganda eleitoral. Tem cr&iacute;ticas a Dilma, ao programa e ao 3&ordm; Plano Nacional de Direitos Humanos (PNDH-3). S&atilde;o mat&eacute;rias de cunho jornal&iacute;stico e n&atilde;o propagandistico&quot;.<\/span><\/p>\n<p>&nbsp;<\/p>\n<p><span class=\"padrao\">Ribeiro Lopes tamb&eacute;m aponta que a a&ccedil;&atilde;o foi revanche ao material da CNBB apreendido com informa&ccedil;&otilde;es contra a Dilma, rodado em uma gr&aacute;fica de uma filiada ao PSDB e assinado pela Confedera&ccedil;&atilde;o Nacional dos Bispos do Brasil (CNBB), e iguala a postura das publica&ccedil;&otilde;es censuradas com a do jornal O Estado de S&atilde;o Paulo, que se manifestou favor&aacute;vel a candidatura do PSDB: &quot;&Eacute; preciso distinguir claramente o que &eacute; demonstra&ccedil;&atilde;o de prefer&ecirc;ncia do que &eacute; propaganda&quot;, sintetiza.<\/span><\/p>\n<p>&nbsp;<\/p>\n<p><span class=\"padrao\">Nas elei&ccedil;&otilde;es municipais de 2006, o promotor Maur&iacute;cio Ribeiro Lopes entrou com pedido de cassa&ccedil;&atilde;o da candidatura de Gilberto Kassab (DEM) a prefeitura de S&atilde;o Paulo por receber doa&ccedil;&otilde;es da Associa&ccedil;&atilde;o Imobili&aacute;ria Brasileira (AIB), um bra&ccedil;o do Secovi (Sindicato da Habita&ccedil;&atilde;o). Por&eacute;m Ribeiro Lopes n&atilde;o v&ecirc; nenhuma rela&ccedil;&atilde;o com os dois casos.<\/span><\/p>\n<p>&nbsp;<\/p>\n<p><span class=\"padrao\">O jornalista Marcelo Soares tamb&eacute;m <a href=\"http:\/\/localhost\/intervozes_direitoacomunicacao\/wordpress\/?p=25017\">aponta caracter&iacute;sticas de censura<\/a> na apreens&atilde;o da publica&ccedil;&atilde;o. Para ele h&aacute; uma confus&atilde;o estimulada pela legisla&ccedil;&atilde;o eleitoral, que acaba por cercar os espa&ccedil;os de di&aacute;logo sobre a pol&iacute;tica no pa&iacute;s, e o foco deveria ser em coibir o uso de recursos do contribuinte em campanhas eleitorais para favorecer determinados candidatos.<\/span><\/p>\n<p>&nbsp;<\/p>\n<p><strong><span class=\"padrao\">Omiss&atilde;o da ANJ<\/span><\/strong><\/p>\n<p>&nbsp;<\/p>\n<p><span class=\"padrao\">A Associa&ccedil;&atilde;o Nacional dos Jornais (ANJ) foi procurada pela reportagem, mas por meio de sua assessoria de imprensa, preferiu n&atilde;o se posicionar sobre o caso das publica&ccedil;&otilde;es apreendidas. Recentemente a ANJ <a href=\"http:\/\/localhost\/intervozes_direitoacomunicacao\/wordpress\/?p=25006\">tamb&eacute;m se omitiou<\/a>  sobre a demiss&atilde;o da colunista do Estado de S&atilde;o Paulo, Maria Rita Kehl; a tamb&eacute;m demiss&atilde;o do editor da revista National Geographic Brasil, Felipe Milanez; e da retirada do ar do blog Falha de S. Paulo.<\/span><\/p>\n","protected":false},"excerpt":{"rendered":"<p><span class=\"padrao\">Tribunal acata pedido da coliga&ccedil;&atilde;o do candidato Jos&eacute; Serra (PSDB) e retira de circula&ccedil;&atilde;o os impressos jornal&iacute;sticos Revista do Brasil e Jornal da CUT<br \/><\/span><\/p>\n","protected":false},"author":1,"featured_media":0,"comment_status":"open","ping_status":"open","sticky":false,"template":"","format":"standard","meta":{"footnotes":""},"categories":[40],"tags":[433],"_links":{"self":[{"href":"https:\/\/obscom.intervozes.org.br\/index.php?rest_route=\/wp\/v2\/posts\/25018"}],"collection":[{"href":"https:\/\/obscom.intervozes.org.br\/index.php?rest_route=\/wp\/v2\/posts"}],"about":[{"href":"https:\/\/obscom.intervozes.org.br\/index.php?rest_route=\/wp\/v2\/types\/post"}],"author":[{"embeddable":true,"href":"https:\/\/obscom.intervozes.org.br\/index.php?rest_route=\/wp\/v2\/users\/1"}],"replies":[{"embeddable":true,"href":"https:\/\/obscom.intervozes.org.br\/index.php?rest_route=%2Fwp%2Fv2%2Fcomments&post=25018"}],"version-history":[{"count":2,"href":"https:\/\/obscom.intervozes.org.br\/index.php?rest_route=\/wp\/v2\/posts\/25018\/revisions"}],"predecessor-version":[{"id":28181,"href":"https:\/\/obscom.intervozes.org.br\/index.php?rest_route=\/wp\/v2\/posts\/25018\/revisions\/28181"}],"wp:attachment":[{"href":"https:\/\/obscom.intervozes.org.br\/index.php?rest_route=%2Fwp%2Fv2%2Fmedia&parent=25018"}],"wp:term":[{"taxonomy":"category","embeddable":true,"href":"https:\/\/obscom.intervozes.org.br\/index.php?rest_route=%2Fwp%2Fv2%2Fcategories&post=25018"},{"taxonomy":"post_tag","embeddable":true,"href":"https:\/\/obscom.intervozes.org.br\/index.php?rest_route=%2Fwp%2Fv2%2Ftags&post=25018"}],"curies":[{"name":"wp","href":"https:\/\/api.w.org\/{rel}","templated":true}]}}