{"id":25017,"date":"2010-10-20T15:18:15","date_gmt":"2010-10-20T15:18:15","guid":{"rendered":"https:\/\/obscom.intervozes.org.br\/wordpress\/?p=25017"},"modified":"2010-10-20T15:18:15","modified_gmt":"2010-10-20T15:18:15","slug":"caberia-ao-judiciario-apurar-se-ha-uso-da-maquina-nao-recolher-publicacao","status":"publish","type":"post","link":"https:\/\/obscom.intervozes.org.br\/?p=25017","title":{"rendered":"&#8220;Caberia ao Judici\u00e1rio apurar se h\u00e1 uso da m\u00e1quina, n\u00e3o recolher publica\u00e7\u00e3o&#8221;"},"content":{"rendered":"<p><span class=\"padrao\">Ao apurar a mat&eacute;ria sobre a decis&atilde;o do Tribunal Superior Eleitoral que retirou de circula&ccedil;&atilde;o a &uacute;ltima edi&ccedil;&atilde;o da <em>Revista do Brasil<\/em>, o <em>Observat&oacute;rio do Direito &agrave; Comunica&ccedil;&atilde;o<\/em> entrou em contato com o jornalista Marcelo Soares para ouvir sua opini&atilde;o acerca do caso.<\/span><\/p>\n<p>&nbsp;<\/p>\n<p><strong><span class=\"padrao\">O TSE pediu a suspens&atilde;o da distribui&ccedil;&atilde;o da<em> Revista do Brasil<\/em> alegando que a revista faz promo&ccedil;&atilde;o de um candidato &agrave; presid&ecirc;ncia da Rep&uacute;blica. Voc&ecirc; entende o ato como censura?<\/span><\/strong><\/p>\n<p>&nbsp;<\/p>\n<p><span class=\"padrao\">Proibir a circula&ccedil;&atilde;o de publica&ccedil;&otilde;es &eacute; um ato que tem orelha de censura, nariz de censura e cauda de censura, seja qual for o nome que o Judici&aacute;rio d&ecirc; ao bicho. Se algo que foi publicado faz cal&uacute;nia, inj&uacute;ria ou difama&ccedil;&atilde;o, a razoabilidade sugere que se julgue depois de publicado. Como escreveu o ministro Carlos Ayres Britto no voto que derrubou a censura aos comediantes, per&iacute;odo eleitoral n&atilde;o &eacute; estado de s&iacute;tio.<\/span><\/p>\n<p>&nbsp;<\/p>\n<p><span class=\"padrao\">Existe uma confus&atilde;o importante que a legisla&ccedil;&atilde;o eleitoral incentiva no Brasil. O que precisa ser coibido &eacute; o uso da m&aacute;quina nas campanhas. Ou seja: governos e suas bases botando dinheiro do contribuinte de alguma forma para favorecer esta ou aquela candidatura. Isso desequilibra a competi&ccedil;&atilde;o eleitoral. Mas tamb&eacute;m &eacute; algo muito dif&iacute;cil de apurar.<\/span><\/p>\n<p>&nbsp;<\/p>\n<p><span class=\"padrao\">Tem a&iacute; uma zona cinzenta tamb&eacute;m. Como a revista &eacute; ligada a sindicatos, que fazem parte da base do governo, pode existir uma d&uacute;vida razo&aacute;vel sobre se h&aacute; uso da m&aacute;quina em favor de candidatura ou n&atilde;o. Como tamb&eacute;m haveria uma d&uacute;vida razo&aacute;vel a respeito se o <em>Estad&atilde;o<\/em>, que apoiou abertamente o outro candidato, fosse mantido exclusivamente com an&uacute;ncios do governo do Estado de S&atilde;o Paulo. De qualquer forma, caberia ao Judici&aacute;rio apurar se h&aacute; uso da m&aacute;quina, n&atilde;o recolher publica&ccedil;&atilde;o. S&oacute; que a lei como &eacute; interpretada hoje permite esse tipo de censura.<\/span><\/p>\n<p>&nbsp;<\/p>\n<p><span class=\"padrao\">Com o intuito de coibir o desequil&iacute;brio material da competi&ccedil;&atilde;o, a legisla&ccedil;&atilde;o eleitoral acaba cerceando os espa&ccedil;os de conversa sobre pol&iacute;tica. Da maneira como &eacute; hoje, a lei protege mais &agrave; classe pol&iacute;tica do que ao leitor-eleitor. Porque coloca a conversa sobre pol&iacute;tica dentro de um cercadinho t&atilde;o apertado que acaba reduzindo o debate ao gre-nal que se v&ecirc; entre &quot;os que matam criancinhas&quot; e &quot;os que querem vender o Brasil a troco de cacha&ccedil;a&quot;.<\/span><\/p>\n<p>&nbsp;<\/p>\n<p><span class=\"padrao\">Em 2008, eu colaborava com o Centro Knight para o Jornalismo nas Am&eacute;ricas e <a href=\"http:\/\/www.google.com\/maps\/ms?f=q&amp;hl=pt-BR&amp;geocode=&amp;ie=UTF8&amp;msa=0&amp;msid=102459857664311524997.00044aedcb473dcf2a130&amp;ll=-12.148174,-44.992479&amp;spn=27.904277,21.592492&amp;t=h&amp;source=embed\">mapeei todos os casos<\/a>  que detectei de decis&otilde;es que proibiam meios de comunica&ccedil;&atilde;o de publicar. Era uma coisa absolutamente democr&aacute;tica, de certa forma: queixosos de praticamente todos os partidos que se sentiam ofendidos tiveram seus pedidos de censura atendidos. Neste ano, o Centro Knight est&aacute; repetindo e melhorando <a href=\"http:\/\/maps.google.com.br\/maps\/ms?hl=pt-BR&amp;ie=UTF8&amp;source=embed&amp;msa=0&amp;msid=115752516351491466362.00048de57514d557a6f9e&amp;ll=12.726084,-45.087891&amp;spn=85.356472,69.960938&amp;z=4&amp;iwloc=000490dc6817894f65a28\">a iniciativa<\/a>.<\/span><\/p>\n<p>&nbsp;<\/p>\n<p><span class=\"padrao\">Discutir esses casos &eacute; importante pra questionar a lei eleitoral que temos hoje. E o que eu tenho visto desde 2008 &eacute; que, quando esses casos se tornam evidentes e s&atilde;o competentemente questionados, acabam caindo. Em 2008, a <em>Folha<\/em> e o <em>Estad&atilde;o<\/em> foram multados por fazerem s&eacute;ries de entrevistas com todos os candidatos a prefeito de S&atilde;o Paulo antes de 5 de julho. Isso foi questionado e caiu. Neste ano, houve o j&aacute; famoso caso da censura aos humoristas, que foi censurado e caiu.<\/span><\/p>\n<p>&nbsp;<\/p>\n<p><span class=\"padrao\">At&eacute; que a coisa seja bem questionada em ju&iacute;zo, &eacute; favas contadas que entra em jogo uma coisa que eu acho particularmente delet&eacute;ria no Brasil: a l&oacute;gica do &quot;na d&uacute;vida, pro&iacute;ba-se&quot;. Um sem-no&ccedil;&atilde;o matou uma colega durante uma partida de RPG? Sempre aparece um g&ecirc;nio querendo proibir o RPG. Tem um videogame que brinca de atropelar velhinhas? Aparece um g&ecirc;nio querendo proibir o game.<\/span><\/p>\n<p>&nbsp;<\/p>\n<p><strong><span class=\"padrao\">Jornais tomaram posi&ccedil;&atilde;o favor&aacute;veis a candidaturas. Esse fato &eacute; bom ou ruim para o pleito?<\/span><\/strong><\/p>\n<p>&nbsp;<\/p>\n<p><span class=\"padrao\">N&atilde;o acho fundamental, mas acho interessante em termos de transpar&ecirc;ncia. Numa democracia madura, isso n&atilde;o devia causar espanto. Tive a sorte de ir a Londres em dois anos eleitorais. Sempre que vou fa&ccedil;o quest&atilde;o de comprar as revistas deles. Tem a <em>New Statesman<\/em>, que abertamente defende os candidatos trabalhistas, e tem a <em>The Spectator<\/em>, que abertamente defende os candidatos conservadores. Isso n&atilde;o desequilibra o pleito.<\/span><\/p>\n<p>&nbsp;<\/p>\n<p><span class=\"padrao\">N&atilde;o acredito na teoria da manipula&ccedil;&atilde;o, na ideia de que o leitor-eleitor &eacute; uma t&aacute;bula rasa onde os meios de comunica&ccedil;&atilde;o imprimem seus preconceitos de maneira que o cara n&atilde;o tenha defesas. Por tudo que eu j&aacute; li a respeito, a forma&ccedil;&atilde;o da opini&atilde;o &eacute; um processo complexo.<\/span><\/p>\n<p>&nbsp;<\/p>\n<p><span class=\"padrao\">Segundo pesquisas de opini&atilde;o, os amigos, a fam&iacute;lia e as igrejas influenciam mais na defini&ccedil;&atilde;o do voto do que os meios de comunica&ccedil;&atilde;o. Esses amigos, familiares e igrejas tamb&eacute;m levaram em conta antes a opini&atilde;o de seus outros amigos, familiares e correligion&aacute;rios mais do que dos meios de comunica&ccedil;&atilde;o.<\/span><\/p>\n<p>&nbsp;<\/p>\n<p><strong><span class=\"padrao\">Linhas editoriais de ve&iacute;culos t&ecirc;m se mostrado tendenciosas para candidaturas (de ambos os lados). Os leitores conseguem diferenciar essas linhas? Essa postura influencia no voto?<\/span><\/strong><\/p>\n<p>&nbsp;<\/p>\n<p><span class=\"padrao\">Eu acredito que contar com a burrice do leitor-eleitor &eacute; um tiro no p&eacute; &#8211; muito embora eu considere a cobertura um tanto, mas n&atilde;o muito, mais equilibrada do que julgam os militantes de ambos os lados.<\/span><\/p>\n<p>&nbsp;<\/p>\n<p><span class=\"padrao\">&Eacute; um tiro no p&eacute; da parte de meios de comunica&ccedil;&atilde;o que decidem pesar a m&atilde;o julgando que o eleitor ou n&atilde;o vai notar ou vai engolir passivamente. E tamb&eacute;m &eacute; um tiro no p&eacute; da parte de pol&iacute;ticos e ju&iacute;zes que apelam &agrave; censura julgando que o eleitor n&atilde;o vai notar ou vai engolir passivamente o que foi publicado.<\/span><\/p>\n<p>&nbsp;<\/p>\n<p><span class=\"padrao\">O Brasil ainda tem s&eacute;rios problemas de educa&ccedil;&atilde;o. Segundo o Instituto Paulo Montenegro, tr&ecirc;s em cada quatro brasileiros que sabem ler tem graus variados de incompreens&atilde;o do que est&aacute; escrito &#8211; o tal analfabetismo funcional.<\/span><\/p>\n<p>&nbsp;<\/p>\n<p><span class=\"padrao\">S&oacute; que, at&eacute; por conta da internet, cada vez mais leitores atentos fazem quest&atilde;o de checar e comparar o que l&ecirc;em. Militantes de ambos os lados fazem at&eacute; quest&atilde;o de patrulhar o que l&ecirc;em, e nunca vi isso mais claramente do que na campanha deste ano.<\/span><\/p>\n<p>&nbsp;<\/p>\n<p><span class=\"padrao\">Isso n&atilde;o &eacute; generalizado ainda. Mas ser&aacute; que a gente precisa deixar a liberdade de conversar sobre pol&iacute;tica no cercadinho at&eacute; que se chegue &agrave; meta pseudo-escandinava de todo brasileiro compreender perfeitamente o que l&ecirc; e tenha consci&ecirc;ncia do contexto maior de cada quest&atilde;o? Eu acho que n&atilde;o. Acho que liberdade se aprende a usar usando.<\/span><\/p>\n<p>&nbsp;<\/p>\n<p>&nbsp;<\/p>\n<p><em><span class=\"padrao\">* Marcelo Soares atualmente escreve no blog <a href=\"http:\/\/mtv.uol.com.br\/evocecomisso\/blog\/\" target=\"_blank\">E Voc&ecirc; Com Isso? <\/a> da MTV sobre a pol&iacute;tica nacional, e o estilo jovial se mescla com bagagem not&oacute;ria. Ga&uacute;cho, iniciou a carreira no Correio do Povo de Porto Alegre, se tornou redator e rep&oacute;rter de pol&iacute;tica na Folha de S.Paulo, escreveu como freelancer para diversas publica&ccedil;&otilde;es brasileiras e estrangeiras (CartaCapital, Express&atilde;o, Los Angeles Times), auxiliou na funda&ccedil;&atilde;o da Associa&ccedil;&atilde;o Brasileira de Jornalismo Investigativo (ABRAJI) e foi coordenador dos projetos Deu no Jornal e Excel&ecirc;ncias, da Transpar&ecirc;ncia Brasil.<\/span><\/em><\/p>\n","protected":false},"excerpt":{"rendered":"<p>O jornalista Marcelo Soares fala do caso da <em>Revista do Brasil<\/em> e comenta a legisla&ccedil;&atilde;o eleitoral do pa&iacute;s<\/p>\n","protected":false},"author":1,"featured_media":0,"comment_status":"open","ping_status":"open","sticky":false,"template":"","format":"standard","meta":{"footnotes":""},"categories":[43],"tags":[1430],"_links":{"self":[{"href":"https:\/\/obscom.intervozes.org.br\/index.php?rest_route=\/wp\/v2\/posts\/25017"}],"collection":[{"href":"https:\/\/obscom.intervozes.org.br\/index.php?rest_route=\/wp\/v2\/posts"}],"about":[{"href":"https:\/\/obscom.intervozes.org.br\/index.php?rest_route=\/wp\/v2\/types\/post"}],"author":[{"embeddable":true,"href":"https:\/\/obscom.intervozes.org.br\/index.php?rest_route=\/wp\/v2\/users\/1"}],"replies":[{"embeddable":true,"href":"https:\/\/obscom.intervozes.org.br\/index.php?rest_route=%2Fwp%2Fv2%2Fcomments&post=25017"}],"version-history":[{"count":0,"href":"https:\/\/obscom.intervozes.org.br\/index.php?rest_route=\/wp\/v2\/posts\/25017\/revisions"}],"wp:attachment":[{"href":"https:\/\/obscom.intervozes.org.br\/index.php?rest_route=%2Fwp%2Fv2%2Fmedia&parent=25017"}],"wp:term":[{"taxonomy":"category","embeddable":true,"href":"https:\/\/obscom.intervozes.org.br\/index.php?rest_route=%2Fwp%2Fv2%2Fcategories&post=25017"},{"taxonomy":"post_tag","embeddable":true,"href":"https:\/\/obscom.intervozes.org.br\/index.php?rest_route=%2Fwp%2Fv2%2Ftags&post=25017"}],"curies":[{"name":"wp","href":"https:\/\/api.w.org\/{rel}","templated":true}]}}