{"id":25015,"date":"2010-10-19T18:28:06","date_gmt":"2010-10-19T18:28:06","guid":{"rendered":"https:\/\/obscom.intervozes.org.br\/wordpress\/?p=25015"},"modified":"2014-09-07T03:00:59","modified_gmt":"2014-09-07T03:00:59","slug":"renovacao-no-legislativo-afeta-composicao-de-comissoes","status":"publish","type":"post","link":"https:\/\/obscom.intervozes.org.br\/?p=25015","title":{"rendered":"Renova\u00e7\u00e3o no Legislativo afeta composi\u00e7\u00e3o de comiss\u00f5es"},"content":{"rendered":"<p><span class=\"padrao\">Ap&oacute;s o resultado das elei&ccedil;&otilde;es parlamentares de 2010 o <em>Observat&oacute;rio do Direito &agrave; Comunica&ccedil;&atilde;o<\/em> fez um levantamento dos deputados federais e senadores com passagem pelas comiss&otilde;es respons&aacute;veis em apreciar outorga e renova&ccedil;&atilde;o de concess&otilde;es de radiodifus&atilde;o e tamb&eacute;m os projetos relacionados &agrave; legisla&ccedil;&atilde;o da &aacute;rea das comunica&ccedil;&otilde;es.<\/span><\/p>\n<p>&nbsp;<\/p>\n<p><span class=\"padrao\">Na C&acirc;mara dos Deputados foram mantidos 56% dos mandatos ligados a Comiss&atilde;o de Ci&ecirc;ncia, Tecnologia, Comunica&ccedil;&atilde;o e Inform&aacute;tica (CCTCI) nos &uacute;ltimos dois anos. 76 dos 136 parlamentares com passagem pela Comiss&atilde;o no per&iacute;odo 2008 e 2010 foram reeleitos, n&uacute;mero bem pr&oacute;ximo da taxa de perman&ecirc;ncia da Casa, 54%. Os radiodifusores perderam 13 dos 37 defensores diretos e entre os partidos, PMDB, DEM e PSDB tiveram as maiores baixas. A comiss&atilde;o &eacute; composta por 40 deputados titulares e 40 suplentes, ambos foram considerados pelo<em> Observat&oacute;rio<\/em>, pois os suplentes participam das subcomiss&otilde;es.<\/span><\/p>\n<p>&nbsp;<\/p>\n<p><span class=\"padrao\">Reeleita deputada, Luiza Erundina (PSB-SP) lembra que as comiss&otilde;es costumam ser preenchidas por pol&iacute;ticos com hist&oacute;ria voltada aos interesses comerciais, e as sess&otilde;es influenciadas por lobbistas. A parlamentar faz apelo para os parlamentares do campo progressista atuarem de forma articulada e se libertarem do medo dos grandes ve&iacute;culos de comunica&ccedil;&atilde;o: &quot;A m&iacute;dia continuar&aacute; a n&atilde;o abrir espa&ccedil;o para quem tem vis&atilde;o democr&aacute;tica do setor. A for&ccedil;a da sociedade civil n&atilde;o &eacute; suficiente para mudar sozinha essa &aacute;rea&quot;, lembra a deputada, que teve 214 mil votos no &uacute;ltimo 3 de outubro.<\/span><\/p>\n<p>&nbsp;<\/p>\n<p><span class=\"padrao\">A forma&ccedil;&atilde;o de Frente Parlamentar comprometida com reformas progressistas &eacute; uma possibilidade real para 2010, por&eacute;m os desafios n&atilde;o ser&atilde;o pequenos. Luiza Erundina acredita que o impacto das elei&ccedil;&otilde;es no Congresso se tornou distinto de 2006. &quot;Lamentavelmente estamos em momento diferente. A rea&ccedil;&atilde;o da direita &eacute; violenta e desproporcional as discuss&otilde;es das Confer&ecirc;ncias de Comunica&ccedil;&atilde;o e Cultura e no 3&ordm; Plano Nacional de Direitos Humanos (PNDH-3)&quot;, sintetiza.<\/span><\/p>\n<p>&nbsp;<\/p>\n<p><span class=\"padrao\">O novo Marco Regulat&oacute;rio &eacute; o desafio principal da pr&oacute;xima legislatura. At&eacute; o momento, as discuss&otilde;es est&atilde;o centradas no Executivo, mas a aprova&ccedil;&atilde;o depender&aacute; do parlamento. Erundina pede parceria ao executivo e lembra que a Casa tem diagn&oacute;sticos e indica&ccedil;&otilde;es formuladas h&aacute; mais de cinco anos, nas quais podem ser aproveitadas: &quot;O Marco Legal deveria estar no &acirc;mbito legislativo. &Eacute; t&iacute;pico do Congresso apontar reformas estruturais e estruturantes&quot;, afirma Erundia. <\/span><\/p>\n<p><span class=\"padrao\">&nbsp;<\/span><\/p>\n<p><span class=\"padrao\">A sa&iacute;da da C&acirc;mara tamb&eacute;m n&atilde;o pode ser considerada mera derrota para os parlamentares da CCTCI. 15 deputados deixaram a Casa para disputar cargos majorit&aacute;rios, sendo que um deles &eacute; candidato &agrave; vice-presid&ecirc;ncia da Rep&uacute;blica, &Iacute;ndio da Costa (DEM\/RJ); quatro se elegeram senadores &#8211; sem incluir Jader Barbalho (PMDB\/PA) que ter&aacute; os votos julgados pela Lei Ficha Limpa; dois se candidataram ao posto de governador estadual &#8211; Angela Amim (PR\/SC) e Celso Russomano (PP\/SP). Al&eacute;m disso, quatro j&aacute; haviam assumido prefeituras em 2009 e um &#8211; Ant&ocirc;nio Palocci (PT\/SP) &#8211; optou em coordenar a campanha de Dilma Roussef (PT) &agrave; presid&ecirc;ncia.<\/span><\/p>\n<p>&nbsp;<\/p>\n<p><span class=\"padrao\">Os radiodifusores sofreram baixas consider&aacute;veis na CCTCI, ficaram 24 e sa&iacute;ram 13 acionistas diretos o parentes de concession&aacute;rios, n&uacute;mero que pode diminuir caso Beto Mansur (PP\/SP) e Manoel Salviano (PSDB\/CE) sejam liberados no julgamento da Ficha Limpa. Entre os que ficaram foram considerados o Bispo da Igreja Univeral, Marinho (PP\/BA) -vinculado &agrave; Rede Record- e o ex-ministro das Comunica&ccedil;&otilde;es Miro Teixeira (PDT\/RJ), que encampou abertamente a defesa empresarial.<\/span><\/p>\n<p>&nbsp;<\/p>\n<p><span class=\"padrao\">O PSDB, DEM e PMDB, que concentram os maiores interesses empresariais do setor, totalizaram 24 dos 45 que perderem os mandatos e ao mesmo tempo n&atilde;o acenderam a disputar cargos majorit&aacute;rios. Mas continuam nomes de destaque,entre os quais o l&iacute;der da Frente da Radiodifus&atilde;o, Paulo Bornhausen (DEM\/SC). No caso do parlamentares financiados pelas teles, os dados com arrecada&ccedil;&atilde;o na campanha n&atilde;o foram divulgados, mas vale mencionar a continuidade de Julio Semeghini (PSDB\/SP) como representante do setor privado na Casa.<\/span><\/p>\n<p>&nbsp;<\/p>\n<p><span class=\"padrao\">O maior partido de esquerda na Casa perdeu apenas tr&ecirc;s parlamentares. Assim, a proje&ccedil;&atilde;o &eacute; que tenham mais deputados para compor a Frente Progressista, alguns deles pr&eacute; escalados ap&oacute;s o resultado do primeiro turno: Luiza Erundina, Z&eacute; Geraldo (PT\/PA), Alexandre Roso (PSB\/RS), Ronaldo Zulke (PT\/RS), Afonso Florence (PT\/BA), &Eacute;rika Kokay (PT\/DF), J&ocirc; Morais (PCdoB\/MG), Gilmar Machado (PT\/MG), Ivan Valente (PSOL\/SP), Paulo Teixeira (PT-SP), Janete Piet&aacute; (PT\/SP), Chico Alencar (PSOL\/RJ), Molon (PT\/RJ), Jandira Feghali (PCdoB\/RJ) e Glauber Braga (PSB\/RJ). Desses, apenas Teixeira, Erundina, Glauber, e J&ocirc; Morais frequentaram a CCTCI neste levantamento.<\/span><\/p>\n<p>&nbsp;<\/p>\n<p><strong><span class=\"padrao\">Artigo 221<\/span><\/strong><\/p>\n<p>&nbsp;<\/p>\n<p><span class=\"padrao\">Entre as &quot;novidades&quot; est&aacute; Jandira Feghali, que retorna &agrave; C&acirc;mara sob marca de ter batalhado na d&eacute;cada de 1990 pela regulamenta&ccedil;&atilde;o do Art. 221 da Constitui&ccedil;&atilde;o, que determina os princ&iacute;pios da produ&ccedil;&atilde;o e programa&ccedil;&atilde;o das emissoras de r&aacute;dio e televis&atilde;o. A proposta da deputada &eacute; em defesa de reserva de 30% para produ&ccedil;&atilde;o independente, regional e nacional na programa&ccedil;&atilde;o radiodifus&atilde;o. Otimista com o retorno, Jandira acha que &quot;os tempos mudaram&quot; e v&ecirc; correla&ccedil;&atilde;o de for&ccedil;as mais favor&aacute;vel a conseguir a aprovar a regulamenta&ccedil;&atilde;o. As Confer&ecirc;ncias de Comunica&ccedil;&atilde;o e Cultura, a sa&iacute;da de representantes conservadores no parlamento e o papel negativo da m&iacute;dia nas elei&ccedil;&otilde;es de 2006 e 2010 s&atilde;o pontos considerados positivos pela representante carioca para tirar o tema de ambiente restrito ao parlamento.<\/span><\/p>\n<p>&nbsp;<\/p>\n<p><span class=\"padrao\">Mesmo com a evolu&ccedil;&atilde;o tecnol&oacute;gica, Feghali defende que a tev&ecirc; e r&aacute;dio abertos ainda s&atilde;o o centro do enfrentamento aos oligop&oacute;lios e as impossibilidades de pluraridade na m&iacute;dia nacional. A representante do partido comunista se compromete a manter a mesma linha de 15 anos atr&aacute;s e pretende acoplar &agrave; regulamenta&ccedil;&atilde;o do Art 221 a ado&ccedil;&atilde;o de mecanismos de financiamento para a produ&ccedil;&atilde;o independente e regional se estruturar de forma qualificada.<\/span><\/p>\n<p>&nbsp;<\/p>\n<p><strong><span class=\"padrao\">Senado<\/span><\/strong><\/p>\n<p>&nbsp;<\/p>\n<p><span class=\"padrao\">O Senado refletiu o esp&iacute;rito de renova&ccedil;&atilde;o e metade da composi&ccedil;&atilde;o atual ser&aacute; substitu&iacute;da. No total, 33 dos 54 eleitos n&atilde;o haviam ocupado uma cadeira na Casa. Como consequ&ecirc;ncia a atual Comiss&atilde;o de Ci&ecirc;ncia, Tecnologia, Inova&ccedil;&atilde;o, Comunica&ccedil;&atilde;o e Inform&aacute;tica (CCT) perdeu metade dos parlamentares, 17 dos 34. Ficaram seis dos 13 radiodifusores presentes na atual composi&ccedil;&atilde;o da comiss&atilde;o, entre os quais Marcelo Crivella (PRB\/RJ).<\/span><\/p>\n<p>&nbsp;<\/p>\n<p><span class=\"padrao\">A participa&ccedil;&atilde;o dos parlamentares progressistas para o tema na Casa era restrita, e a expectativa &eacute; que novos eleitos mudem esse quadro. As principais apostas v&atilde;o para dupla baiana L&iacute;dice da Mata (PSB) e Walter Pinheiro (PT), e Roberto Requi&atilde;o (PMDB-PR). L&iacute;dice tem sensibilidade ao tema devido trajet&oacute;ria de enfrentamento ao cerco midi&aacute;tico e pol&iacute;tico do ex-senador Ant&ocirc;nio Carlos Magalh&atilde;es (ACM), quando prefeita da capital entre 1992 e 1995. Pinheiro j&aacute; presidiu a CCTI e j&aacute; foi escalado pelo presidente Lula, durante com&iacute;cio eleitoral em Salvador, como respons&aacute;vel em acompanhar as modifica&ccedil;&otilde;es no Marco Regulat&oacute;rio. Roberto Requi&atilde;o tamb&eacute;m enfrenta o cerco mid&iacute;atico no Paran&aacute;, por isso facilitou o desenvolvimento da etapa estadual da I Confer&ecirc;ncia Nacional de Comunica&ccedil;&atilde;o, quando governador do Estado.<\/span><\/p>\n<p>&nbsp;<\/p>\n<p><span class=\"padrao\">Tamb&eacute;m sa&iacute;ram pol&iacute;ticos empenhados com os interesses da radiodifus&atilde;o como ACM J&uacute;nior (DEM\/BA), o ex-ministro das Comunica&ccedil;&otilde;es H&eacute;lio Costa (PMDB\/MG) e Eduardo Azeredo (PSDB\/MG). Este &uacute;ltimo, transferido para C&acirc;mara, &eacute; respons&aacute;vel pelo &quot;<a href=\"http:\/\/localhost\/intervozes_direitoacomunicacao\/wordpress\/?p=23015\">AI-5 Digital<\/a>&quot;, um projeto de lei que visa criminalizar trocas de conte&uacute;do na internet.<\/span><\/p>\n<p>&nbsp;<\/p>\n<p><span class=\"padrao\">O atual presidente da CCTCI na C&acirc;mara, Eun&iacute;cio Oliveira (PMDB\/CE), ganhou o passaporte para o Senado para 2011 e se compromete em defender a reativa&ccedil;&atilde;o do Conselho Nacional de Comunica&ccedil;&atilde;o: &quot;&Eacute; lament&aacute;vel que ele n&atilde;o funcione, em descumprimento &agrave; Constitui&ccedil;&atilde;o&quot;, afirma o parlamentar que tem a esposa como concession&aacute;ria da r&aacute;dio FM no interior do Cear&aacute;. Oliveira tamb&eacute;m se diz favor&aacute;vel a aprova&ccedil;&atilde;o imediata do Projeto de Lei 116\/2010 (ex PL-29), que entre outros temas trata sobre a produ&ccedil;&atilde;o independente e amplia&ccedil;&atilde;o das opera&ccedil;&otilde;es de TV a cabo.<\/span><\/p>\n<p>&nbsp;<\/p>\n<p><span class=\"padrao\">&quot;N&atilde;o entendo porque temas de grande import&acirc;ncia est&atilde;o travados no Senado&quot;, indaga Oliveira que foi ministro das Comunica&ccedil;&otilde;es do Governo Lula e enxerga o PLC 116 como quest&atilde;o de pol&iacute;tica social: &quot;Precisamos utilizar o Fundo de Universaliza&ccedil;&atilde;o das Telecomunica&ccedil;&otilde;es (FUST) para promover a inclus&atilde;o digital nas escolas p&uacute;blicas. &Eacute; um absurdo que esteja parado, este &eacute; um tema suprapartid&aacute;rio&quot;.<\/span><\/p>\n<p>&nbsp;<\/p>\n","protected":false},"excerpt":{"rendered":"<p>Apenas metade dos mandatos ligados &agrave;s comiss&otilde;es que tratam de temas ligados &agrave; comunica&ccedil;&atilde;o no Congresso se reelegeram para o pr&oacute;ximo per&iacute;odo<\/p>\n","protected":false},"author":1,"featured_media":0,"comment_status":"open","ping_status":"open","sticky":false,"template":"","format":"standard","meta":{"footnotes":""},"categories":[40],"tags":[1428],"_links":{"self":[{"href":"https:\/\/obscom.intervozes.org.br\/index.php?rest_route=\/wp\/v2\/posts\/25015"}],"collection":[{"href":"https:\/\/obscom.intervozes.org.br\/index.php?rest_route=\/wp\/v2\/posts"}],"about":[{"href":"https:\/\/obscom.intervozes.org.br\/index.php?rest_route=\/wp\/v2\/types\/post"}],"author":[{"embeddable":true,"href":"https:\/\/obscom.intervozes.org.br\/index.php?rest_route=\/wp\/v2\/users\/1"}],"replies":[{"embeddable":true,"href":"https:\/\/obscom.intervozes.org.br\/index.php?rest_route=%2Fwp%2Fv2%2Fcomments&post=25015"}],"version-history":[{"count":1,"href":"https:\/\/obscom.intervozes.org.br\/index.php?rest_route=\/wp\/v2\/posts\/25015\/revisions"}],"predecessor-version":[{"id":28179,"href":"https:\/\/obscom.intervozes.org.br\/index.php?rest_route=\/wp\/v2\/posts\/25015\/revisions\/28179"}],"wp:attachment":[{"href":"https:\/\/obscom.intervozes.org.br\/index.php?rest_route=%2Fwp%2Fv2%2Fmedia&parent=25015"}],"wp:term":[{"taxonomy":"category","embeddable":true,"href":"https:\/\/obscom.intervozes.org.br\/index.php?rest_route=%2Fwp%2Fv2%2Fcategories&post=25015"},{"taxonomy":"post_tag","embeddable":true,"href":"https:\/\/obscom.intervozes.org.br\/index.php?rest_route=%2Fwp%2Fv2%2Ftags&post=25015"}],"curies":[{"name":"wp","href":"https:\/\/api.w.org\/{rel}","templated":true}]}}